{"id":26156,"date":"2024-03-25T12:33:13","date_gmt":"2024-03-25T15:33:13","guid":{"rendered":"https:\/\/expressaoms.com.br\/?p=26156"},"modified":"2024-03-25T12:33:13","modified_gmt":"2024-03-25T15:33:13","slug":"discussao-em-visita-familiar-resulta-em-agressao-e-ameaca-a-idoso-em-tres-lagoas","status":"publish","type":"post","link":"https:\/\/expressaoms.com.br\/index.php\/2024\/03\/25\/discussao-em-visita-familiar-resulta-em-agressao-e-ameaca-a-idoso-em-tres-lagoas\/","title":{"rendered":"Discuss\u00e3o em visita familiar resulta em agress\u00e3o e amea\u00e7a a idoso em Tr\u00eas Lagoas"},"content":{"rendered":"<p>No \u00faltimo domingo (24), um incidente envolvendo agress\u00e3o f\u00edsica e amea\u00e7a de morte foi registrado durante uma visita familiar no bairro Jardim Alvorada, em Tr\u00eas Lagoas. O epis\u00f3dio, que teve como protagonistas um idoso de 67 anos, sua sobrinha de 51 anos e o filho desta \u00faltima, de 31 anos, ocorreu na resid\u00eancia da irm\u00e3 mais velha do idoso, situada na rua Michel Thom\u00e9.<\/p>\n<p>De acordo com o relato prestado na Delegacia de Pronto Atendimento Comunit\u00e1rio (Depac), o idoso havia se dirigido \u00e0 casa de sua irm\u00e3 no s\u00e1bado, buscando desfrutar de um momento de conv\u00edvio familiar. Entretanto, a atmosfera pac\u00edfica foi interrompida quando a sobrinha o acusou de um delito que ele nega ter cometido. A tens\u00e3o resultante dessa acusa\u00e7\u00e3o desencadeou uma discuss\u00e3o acalorada, na qual o filho da mulher se aproximou e agrediu fisicamente o idoso.<\/p>\n<p>O incidente tomou propor\u00e7\u00f5es ainda mais alarmantes quando o pai do agressor se envolveu na briga, com o agressor dirigindo amea\u00e7as de morte ao idoso durante o embate. Como consequ\u00eancia das agress\u00f5es, a v\u00edtima apresentou escoria\u00e7\u00f5es nos bra\u00e7os, levando-a a procurar a delegacia no dia seguinte para registrar a ocorr\u00eancia.<\/p>\n<p>A motiva\u00e7\u00e3o por tr\u00e1s das agress\u00f5es e das amea\u00e7as ainda n\u00e3o foi esclarecida pelas autoridades policiais. O caso ser\u00e1 encaminhado para a 2\u00aa Delegacia de Pol\u00edcia Civil, onde ser\u00e3o conduzidas investiga\u00e7\u00f5es aprofundadas sobre os motivos que levaram ao epis\u00f3dio de viol\u00eancia, que incluem agress\u00e3o f\u00edsica, amea\u00e7a de morte e les\u00e3o corporal.<\/p>\n","protected":false},"excerpt":{"rendered":"<p>No \u00faltimo domingo (24), um incidente envolvendo agress\u00e3o f\u00edsica e amea\u00e7a de morte foi registrado durante uma visita familiar no bairro Jardim Alvorada, em Tr\u00eas Lagoas. O epis\u00f3dio, que teve como protagonistas um idoso de 67 anos, sua sobrinha de 51 anos e o filho desta \u00faltima, de 31 anos, ocorreu na resid\u00eancia da irm\u00e3 [&hellip;]<\/p>\n","protected":false},"author":2,"featured_media":13383,"comment_status":"open","ping_status":"open","sticky":false,"template":"","format":"standard","meta":{"om_disable_all_campaigns":false,"_monsterinsights_skip_tracking":false,"_monsterinsights_sitenote_active":false,"_monsterinsights_sitenote_note":"","_monsterinsights_sitenote_category":0,"footnotes":""},"categories":[30,41,48],"tags":[],"aioseo_notices":[],"_links":{"self":[{"href":"https:\/\/expressaoms.com.br\/index.php\/wp-json\/wp\/v2\/posts\/26156"}],"collection":[{"href":"https:\/\/expressaoms.com.br\/index.php\/wp-json\/wp\/v2\/posts"}],"about":[{"href":"https:\/\/expressaoms.com.br\/index.php\/wp-json\/wp\/v2\/types\/post"}],"author":[{"embeddable":true,"href":"https:\/\/expressaoms.com.br\/index.php\/wp-json\/wp\/v2\/users\/2"}],"replies":[{"embeddable":true,"href":"https:\/\/expressaoms.com.br\/index.php\/wp-json\/wp\/v2\/comments?post=26156"}],"version-history":[{"count":1,"href":"https:\/\/expressaoms.com.br\/index.php\/wp-json\/wp\/v2\/posts\/26156\/revisions"}],"predecessor-version":[{"id":26157,"href":"https:\/\/expressaoms.com.br\/index.php\/wp-json\/wp\/v2\/posts\/26156\/revisions\/26157"}],"wp:featuredmedia":[{"embeddable":true,"href":"https:\/\/expressaoms.com.br\/index.php\/wp-json\/wp\/v2\/media\/13383"}],"wp:attachment":[{"href":"https:\/\/expressaoms.com.br\/index.php\/wp-json\/wp\/v2\/media?parent=26156"}],"wp:term":[{"taxonomy":"category","embeddable":true,"href":"https:\/\/expressaoms.com.br\/index.php\/wp-json\/wp\/v2\/categories?post=26156"},{"taxonomy":"post_tag","embeddable":true,"href":"https:\/\/expressaoms.com.br\/index.php\/wp-json\/wp\/v2\/tags?post=26156"}],"curies":[{"name":"wp","href":"https:\/\/api.w.org\/{rel}","templated":true}]}}