{"id":26309,"date":"2024-04-03T18:24:33","date_gmt":"2024-04-03T21:24:33","guid":{"rendered":"https:\/\/expressaoms.com.br\/?p=26309"},"modified":"2024-04-03T18:24:33","modified_gmt":"2024-04-03T21:24:33","slug":"sejuvel-inicia-competicoes-do-jets-com-participacao-de-700-alunos-da-rede-publica-e-privada-de-ensino","status":"publish","type":"post","link":"https:\/\/expressaoms.com.br\/index.php\/2024\/04\/03\/sejuvel-inicia-competicoes-do-jets-com-participacao-de-700-alunos-da-rede-publica-e-privada-de-ensino\/","title":{"rendered":"Sejuvel inicia competi\u00e7\u00f5es do JETs com participa\u00e7\u00e3o de 700 alunos da rede p\u00fablica e privada de ensino"},"content":{"rendered":"<p data-raofz=\"16\">Foi dado in\u00edcio nesta ter\u00e7a-feira, 02 de abril, aos Jogos Escolares Tr\u00eas-lagoenses (JETs) sub-14. A cerim\u00f4nia de abertura aconteceu no Gin\u00e1sio de Esportes \u201cCacilda Acre Rocha\u201d, com a presen\u00e7a de centenas de estudantes.<\/p>\n<p data-raofz=\"16\">Os jogos, promovidos pela Prefeitura de Tr\u00eas Lagoas, por meio da Secretaria Municipal de Esporte, Juventude e Lazer (SEJUVEL), s\u00e3o destinados a alunos das escolas p\u00fablicas e privadas de Tr\u00eas Lagoas, com idades entre 12 e 14 anos.<\/p>\n<p data-raofz=\"16\">Kayo Vinicius Moreira Rocha da Silva, jogador de basquete, foi respons\u00e1vel pelo tradicional juramento dos atletas. O aluno estuda na Escola Estadual Dom \u201cAquino Corr\u00eaa\u201d. O col\u00e9gio \u00e9 bicampe\u00e3o do JETs sub-14 e 16 na modalidade, 3\u00ba colocado nos Jogos Escolares da Juventude MS\/Copa dos Campe\u00f5es de 2023 e vice-campe\u00e3o da Liga Monte L\u00edbano de S\u00e3o Jos\u00e9 do Rio Preto\/SP.<\/p>\n<p data-raofz=\"16\">O secret\u00e1rio da SEJUVEL, Rialino Medeiros, deu boas-vindas aos atletas e agradeceu a presen\u00e7a dos pais, familiares e funcion\u00e1rios das escolas envolvidas nos Jogos, e enfatizou: \u201cO JETs tem como compromisso promover o esporte nas escolas, pois o esporte, al\u00e9m de significar sa\u00fade, \u00e9 um agente de transforma\u00e7\u00e3o de vida. E a gest\u00e3o Angelo Guerreiro investe nesse poder de transforma\u00e7\u00e3o.\u201d<\/p>\n<p data-raofz=\"16\">Ap\u00f3s a tradicional apresenta\u00e7\u00e3o de cada escola participante, alunos e diretores de cada institui\u00e7\u00e3o receberam das m\u00e3os do secret\u00e1rio Rialino e da vereadora Evalda Reis uma bola de cada modalidade coletiva que ser\u00e1 disputada nos jogos: futsal, v\u00f4lei, basquete e handebol.<\/p>\n<p data-raofz=\"16\">O JETs contar\u00e1 com a participa\u00e7\u00e3o de aproximadamente 700 jovens atletas. Al\u00e9m das competi\u00e7\u00f5es coletivas, tamb\u00e9m haver\u00e1 disputas de t\u00eanis de mesa, xadrez, atletismo e v\u00f4lei de praia.<\/p>\n","protected":false},"excerpt":{"rendered":"<p>Foi dado in\u00edcio nesta ter\u00e7a-feira, 02 de abril, aos Jogos Escolares Tr\u00eas-lagoenses (JETs) sub-14. A cerim\u00f4nia de abertura aconteceu no Gin\u00e1sio de Esportes \u201cCacilda Acre Rocha\u201d, com a presen\u00e7a de centenas de estudantes. Os jogos, promovidos pela Prefeitura de Tr\u00eas Lagoas, por meio da Secretaria Municipal de Esporte, Juventude e Lazer (SEJUVEL), s\u00e3o destinados a [&hellip;]<\/p>\n","protected":false},"author":2,"featured_media":26310,"comment_status":"open","ping_status":"open","sticky":false,"template":"","format":"standard","meta":{"om_disable_all_campaigns":false,"_monsterinsights_skip_tracking":false,"_monsterinsights_sitenote_active":false,"_monsterinsights_sitenote_note":"","_monsterinsights_sitenote_category":0,"footnotes":""},"categories":[34,35,36,48],"tags":[],"aioseo_notices":[],"_links":{"self":[{"href":"https:\/\/expressaoms.com.br\/index.php\/wp-json\/wp\/v2\/posts\/26309"}],"collection":[{"href":"https:\/\/expressaoms.com.br\/index.php\/wp-json\/wp\/v2\/posts"}],"about":[{"href":"https:\/\/expressaoms.com.br\/index.php\/wp-json\/wp\/v2\/types\/post"}],"author":[{"embeddable":true,"href":"https:\/\/expressaoms.com.br\/index.php\/wp-json\/wp\/v2\/users\/2"}],"replies":[{"embeddable":true,"href":"https:\/\/expressaoms.com.br\/index.php\/wp-json\/wp\/v2\/comments?post=26309"}],"version-history":[{"count":1,"href":"https:\/\/expressaoms.com.br\/index.php\/wp-json\/wp\/v2\/posts\/26309\/revisions"}],"predecessor-version":[{"id":26311,"href":"https:\/\/expressaoms.com.br\/index.php\/wp-json\/wp\/v2\/posts\/26309\/revisions\/26311"}],"wp:featuredmedia":[{"embeddable":true,"href":"https:\/\/expressaoms.com.br\/index.php\/wp-json\/wp\/v2\/media\/26310"}],"wp:attachment":[{"href":"https:\/\/expressaoms.com.br\/index.php\/wp-json\/wp\/v2\/media?parent=26309"}],"wp:term":[{"taxonomy":"category","embeddable":true,"href":"https:\/\/expressaoms.com.br\/index.php\/wp-json\/wp\/v2\/categories?post=26309"},{"taxonomy":"post_tag","embeddable":true,"href":"https:\/\/expressaoms.com.br\/index.php\/wp-json\/wp\/v2\/tags?post=26309"}],"curies":[{"name":"wp","href":"https:\/\/api.w.org\/{rel}","templated":true}]}}