{"id":26382,"date":"2024-04-08T10:51:14","date_gmt":"2024-04-08T13:51:14","guid":{"rendered":"https:\/\/expressaoms.com.br\/?p=26382"},"modified":"2024-04-08T11:08:29","modified_gmt":"2024-04-08T14:08:29","slug":"policia-investiga-morte-de-psicologa-em-tres-lagoas-filho-esta-preso","status":"publish","type":"post","link":"https:\/\/expressaoms.com.br\/index.php\/2024\/04\/08\/policia-investiga-morte-de-psicologa-em-tres-lagoas-filho-esta-preso\/","title":{"rendered":"Pol\u00edcia investiga morte de psic\u00f3loga em Tr\u00eas Lagoas, filho est\u00e1 preso"},"content":{"rendered":"<p>As pol\u00edcias civil de Tr\u00eas Lagoas e Andradina investigam a morte da psic\u00f3loga Simone Nascimento, de 46 anos, ocorrida neste domingo (7). De acordo com a vers\u00e3o do filho, que a levou at\u00e9 a casa da av\u00f3 materna em Andradina, ela teria pulado do carro e morrido em consequ\u00eancia dos ferimentos da queda.<\/p>\n<p>A av\u00f3, ao ver o corpo da filha j\u00e1 sem vida no carro, o retirou e tentou reanimar, momento em que o filho tentou evadir-se do local, mas foi impedido pelo av\u00f4 que chamou a pol\u00edcia e o mesmo foi detido e est\u00e1 preso preventivamente na delegacia do munic\u00edpio paulista.<\/p>\n<p>Segundo informa\u00e7\u00f5es de familiares da v\u00edtima, o filho j\u00e1 teria apresentado tr\u00eas vers\u00f5es da morte da m\u00e3e, pois ele estaria com ela no momento da queda. O fato pode ter ocorrido \u00e0s 16hs, mas ele s\u00f3 chegou com o corpo \u00e0s 20hs na casa da av\u00f3, e n\u00e3o teria pedido ajuda ao SAMU ou Corpo de Bombeiros, nem mesmo levado a m\u00e3e para tentar atendimento na UPA de Tr\u00eas Lagoas ou mesmo um dos hospitais do munic\u00edpio.<\/p>\n<p>A morte da psic\u00f3loga repercutiu nas redes sociais dos dois munic\u00edpios. Ela trabalhava no hospital Cassems, em Tr\u00eas Lagoas, e sua fam\u00edlia \u00e9 de Andradina. Simone completaria 47 anos no pr\u00f3ximo dia 11 de abril.<\/p>\n<p><img fetchpriority=\"high\" decoding=\"async\" class=\"alignnone size-full wp-image-26383\" src=\"https:\/\/expressaoms.com.br\/wp-content\/uploads\/2024\/04\/WhatsApp-Image-2024-04-08-at-10.25.16.jpeg\" alt=\"\" width=\"708\" height=\"718\" srcset=\"https:\/\/expressaoms.com.br\/wp-content\/uploads\/2024\/04\/WhatsApp-Image-2024-04-08-at-10.25.16.jpeg 708w, https:\/\/expressaoms.com.br\/wp-content\/uploads\/2024\/04\/WhatsApp-Image-2024-04-08-at-10.25.16-100x100.jpeg 100w, https:\/\/expressaoms.com.br\/wp-content\/uploads\/2024\/04\/WhatsApp-Image-2024-04-08-at-10.25.16-600x608.jpeg 600w, https:\/\/expressaoms.com.br\/wp-content\/uploads\/2024\/04\/WhatsApp-Image-2024-04-08-at-10.25.16-296x300.jpeg 296w\" sizes=\"(max-width: 708px) 100vw, 708px\" \/><\/p>\n<p>Ela ser\u00e1 sepultada no munic\u00edpio paulista nesta segunda-feira a tarde, em hor\u00e1rio ainda a ser divulgado pela fam\u00edlia.<\/p>\n","protected":false},"excerpt":{"rendered":"<p>As pol\u00edcias civil de Tr\u00eas Lagoas e Andradina investigam a morte da psic\u00f3loga Simone Nascimento, de 46 anos, ocorrida neste domingo (7). De acordo com a vers\u00e3o do filho, que a levou at\u00e9 a casa da av\u00f3 materna em Andradina, ela teria pulado do carro e morrido em consequ\u00eancia dos ferimentos da queda. A av\u00f3, [&hellip;]<\/p>\n","protected":false},"author":3,"featured_media":26384,"comment_status":"open","ping_status":"open","sticky":false,"template":"","format":"standard","meta":{"om_disable_all_campaigns":false,"_monsterinsights_skip_tracking":false,"_monsterinsights_sitenote_active":false,"_monsterinsights_sitenote_note":"","_monsterinsights_sitenote_category":0,"footnotes":""},"categories":[30,41,48],"tags":[],"aioseo_notices":[],"_links":{"self":[{"href":"https:\/\/expressaoms.com.br\/index.php\/wp-json\/wp\/v2\/posts\/26382"}],"collection":[{"href":"https:\/\/expressaoms.com.br\/index.php\/wp-json\/wp\/v2\/posts"}],"about":[{"href":"https:\/\/expressaoms.com.br\/index.php\/wp-json\/wp\/v2\/types\/post"}],"author":[{"embeddable":true,"href":"https:\/\/expressaoms.com.br\/index.php\/wp-json\/wp\/v2\/users\/3"}],"replies":[{"embeddable":true,"href":"https:\/\/expressaoms.com.br\/index.php\/wp-json\/wp\/v2\/comments?post=26382"}],"version-history":[{"count":4,"href":"https:\/\/expressaoms.com.br\/index.php\/wp-json\/wp\/v2\/posts\/26382\/revisions"}],"predecessor-version":[{"id":26388,"href":"https:\/\/expressaoms.com.br\/index.php\/wp-json\/wp\/v2\/posts\/26382\/revisions\/26388"}],"wp:featuredmedia":[{"embeddable":true,"href":"https:\/\/expressaoms.com.br\/index.php\/wp-json\/wp\/v2\/media\/26384"}],"wp:attachment":[{"href":"https:\/\/expressaoms.com.br\/index.php\/wp-json\/wp\/v2\/media?parent=26382"}],"wp:term":[{"taxonomy":"category","embeddable":true,"href":"https:\/\/expressaoms.com.br\/index.php\/wp-json\/wp\/v2\/categories?post=26382"},{"taxonomy":"post_tag","embeddable":true,"href":"https:\/\/expressaoms.com.br\/index.php\/wp-json\/wp\/v2\/tags?post=26382"}],"curies":[{"name":"wp","href":"https:\/\/api.w.org\/{rel}","templated":true}]}}