{"id":26442,"date":"2024-04-10T09:24:29","date_gmt":"2024-04-10T12:24:29","guid":{"rendered":"https:\/\/expressaoms.com.br\/?p=26442"},"modified":"2024-04-10T09:24:29","modified_gmt":"2024-04-10T12:24:29","slug":"guerreiro-participa-de-reuniao-da-comissao-de-meio-ambiente-no-senado-em-brasilia","status":"publish","type":"post","link":"https:\/\/expressaoms.com.br\/index.php\/2024\/04\/10\/guerreiro-participa-de-reuniao-da-comissao-de-meio-ambiente-no-senado-em-brasilia\/","title":{"rendered":"Guerreiro participa de reuni\u00e3o da Comiss\u00e3o de Meio Ambiente no Senado em Bras\u00edlia"},"content":{"rendered":"<p data-raofz=\"16\">Nesta ter\u00e7a-feira, 09 de abril, o prefeito Angelo Guerreiro esteve presente em Bras\u00edlia para participar da reuni\u00e3o da Comiss\u00e3o de Meio Ambiente do Senado Federal. O encontro contou com a presen\u00e7a de prefeitos de cidades sedes de usinas de v\u00e1rios estados e teve como objetivo discutir a amplia\u00e7\u00e3o de recursos para os munic\u00edpios.<\/p>\n<p data-raofz=\"16\">A reuni\u00e3o foi convocada pela Associa\u00e7\u00e3o dos Munic\u00edpios Sedes de Usinas Hidroel\u00e9tricas (AMUSUH), que instruiu a diretoria da institui\u00e7\u00e3o para preparar os parlamentares que coordenar\u00e3o a Frente Parlamentar Mista em Defesa dos Munic\u00edpios. A instala\u00e7\u00e3o da nova configura\u00e7\u00e3o do colegiado no Congresso Nacional estava prevista para ocorrer no mesmo dia, por\u00e9m foi adiada para que novas a\u00e7\u00f5es possam ser desenvolvidas.<\/p>\n<p data-raofz=\"16\">Na qualidade de Diretor de Rela\u00e7\u00f5es Institucionais da AMUSUH, o Prefeito Angelo Guerreiro esteve presente na sess\u00e3o, acompanhado do presidente da institui\u00e7\u00e3o, Ot\u00e1vio Gomes, Prefeito de Ilha Solteira, e da Secret\u00e1ria Executiva, Terezinha Sperandio, al\u00e9m de outros prefeitos. A reuni\u00e3o, presidida pelo Senador Nelsinho Trad, teve como destaque a discuss\u00e3o sobre o Projeto de Lei 2918\/21, do qual o senador \u00e9 relator.<\/p>\n<p data-raofz=\"16\">Durante a sess\u00e3o, o Senador Nelsinho Trad apresentou um requerimento para a realiza\u00e7\u00e3o de uma audi\u00eancia p\u00fablica, com o objetivo de debater o tema com parlamentares, especialistas e a sociedade brasileira. O foco da discuss\u00e3o \u00e9 a atualiza\u00e7\u00e3o da legisla\u00e7\u00e3o do setor hidroel\u00e9trico e a busca por uma compensa\u00e7\u00e3o financeira (CFURH) mais justa para Uni\u00e3o, estados e, principalmente, munic\u00edpios.<\/p>\n<p data-raofz=\"16\">\u201cOs munic\u00edpios v\u00eam perdendo recursos h\u00e1 muitos anos. Um dos casos \u00e9 a distribui\u00e7\u00e3o da CFURH, que representa uma perda hist\u00f3rica. Precisamos rever urgentemente essa quest\u00e3o e, mesmo que seja um aumento pequeno, estamos trabalhando com o Senador Nelsinho para ampliar esses recursos, com base nos estudos t\u00e9cnicos da AMUSUH\u201d, afirmou Guerreiro.<\/p>\n","protected":false},"excerpt":{"rendered":"<p>Nesta ter\u00e7a-feira, 09 de abril, o prefeito Angelo Guerreiro esteve presente em Bras\u00edlia para participar da reuni\u00e3o da Comiss\u00e3o de Meio Ambiente do Senado Federal. O encontro contou com a presen\u00e7a de prefeitos de cidades sedes de usinas de v\u00e1rios estados e teve como objetivo discutir a amplia\u00e7\u00e3o de recursos para os munic\u00edpios. A reuni\u00e3o [&hellip;]<\/p>\n","protected":false},"author":2,"featured_media":26443,"comment_status":"open","ping_status":"open","sticky":false,"template":"","format":"standard","meta":{"om_disable_all_campaigns":false,"_monsterinsights_skip_tracking":false,"_monsterinsights_sitenote_active":false,"_monsterinsights_sitenote_note":"","_monsterinsights_sitenote_category":0,"footnotes":""},"categories":[42,48],"tags":[],"aioseo_notices":[],"_links":{"self":[{"href":"https:\/\/expressaoms.com.br\/index.php\/wp-json\/wp\/v2\/posts\/26442"}],"collection":[{"href":"https:\/\/expressaoms.com.br\/index.php\/wp-json\/wp\/v2\/posts"}],"about":[{"href":"https:\/\/expressaoms.com.br\/index.php\/wp-json\/wp\/v2\/types\/post"}],"author":[{"embeddable":true,"href":"https:\/\/expressaoms.com.br\/index.php\/wp-json\/wp\/v2\/users\/2"}],"replies":[{"embeddable":true,"href":"https:\/\/expressaoms.com.br\/index.php\/wp-json\/wp\/v2\/comments?post=26442"}],"version-history":[{"count":1,"href":"https:\/\/expressaoms.com.br\/index.php\/wp-json\/wp\/v2\/posts\/26442\/revisions"}],"predecessor-version":[{"id":26444,"href":"https:\/\/expressaoms.com.br\/index.php\/wp-json\/wp\/v2\/posts\/26442\/revisions\/26444"}],"wp:featuredmedia":[{"embeddable":true,"href":"https:\/\/expressaoms.com.br\/index.php\/wp-json\/wp\/v2\/media\/26443"}],"wp:attachment":[{"href":"https:\/\/expressaoms.com.br\/index.php\/wp-json\/wp\/v2\/media?parent=26442"}],"wp:term":[{"taxonomy":"category","embeddable":true,"href":"https:\/\/expressaoms.com.br\/index.php\/wp-json\/wp\/v2\/categories?post=26442"},{"taxonomy":"post_tag","embeddable":true,"href":"https:\/\/expressaoms.com.br\/index.php\/wp-json\/wp\/v2\/tags?post=26442"}],"curies":[{"name":"wp","href":"https:\/\/api.w.org\/{rel}","templated":true}]}}