{"id":26500,"date":"2024-04-12T12:16:41","date_gmt":"2024-04-12T15:16:41","guid":{"rendered":"https:\/\/expressaoms.com.br\/?p=26500"},"modified":"2024-04-12T12:16:41","modified_gmt":"2024-04-12T15:16:41","slug":"dia-d-de-vacinacao-contra-a-gripe-acontece-neste-sabado-13","status":"publish","type":"post","link":"https:\/\/expressaoms.com.br\/index.php\/2024\/04\/12\/dia-d-de-vacinacao-contra-a-gripe-acontece-neste-sabado-13\/","title":{"rendered":"Dia D de vacina\u00e7\u00e3o contra a gripe acontece neste s\u00e1bado (13)"},"content":{"rendered":"<p data-raofz=\"16\">O Dia D de vacina\u00e7\u00e3o contra a gripe acontece neste s\u00e1bado, 13 de abril, das 8h \u00e0s 16h em todas as unidades de sa\u00fade, incluindo a do Distrito do Arapu\u00e1. Esta a\u00e7\u00e3o faz parte da campanha de vacina\u00e7\u00e3o que teve in\u00edcio em 25 de mar\u00e7o e continuar\u00e1 at\u00e9 31 de maio.<\/p>\n<p data-raofz=\"16\">A Secretaria Municipal de Sa\u00fade (SMS) de Tr\u00eas Lagoas est\u00e1 mobilizando todas as equipes das unidades, para que consigam garantir que toda a popula\u00e7\u00e3o tenha acesso facilitado \u00e0 vacina\u00e7\u00e3o. Durante o Dia D, as unidades n\u00e3o ir\u00e3o parar para o almo\u00e7o, atendendo sem interrup\u00e7\u00f5es.<\/p>\n<p data-raofz=\"16\">O p\u00fablico-alvo priorit\u00e1rio da campanha s\u00e3o crian\u00e7as de 6 meses a menores de 6 anos, idosos, gestantes, pu\u00e9rperas e povos ind\u00edgenas. A meta estabelecida \u00e9 atingir pelo menos 90% desse grupo, que totaliza 28.552 pessoas em Tr\u00eas Lagoas.<\/p>\n<p data-raofz=\"16\">Al\u00e9m dos grupos priorit\u00e1rios, a campanha tamb\u00e9m visa atender outros segmentos, como trabalhadores da sa\u00fade, portadores de defici\u00eancia permanente, adolescentes em medidas socioeducativas, popula\u00e7\u00e3o e funcion\u00e1rios do sistema privado de liberdade, pessoas em situa\u00e7\u00e3o de rua, membros das For\u00e7as Armadas, pessoas com comorbidades e professores.<\/p>\n<p data-raofz=\"16\">Embora esses grupos n\u00e3o tenham uma meta espec\u00edfica, a SMS est\u00e1 empenhada em alcan\u00e7ar o maior n\u00famero poss\u00edvel desses indiv\u00edduos, que totalizam 44.719 pessoas no munic\u00edpio.<\/p>\n<p data-raofz=\"16\">A SMS reitera a import\u00e2ncia da vacina\u00e7\u00e3o contra a gripe como uma medida fundamental para proteger a sa\u00fade da popula\u00e7\u00e3o, especialmente em tempos de pandemia. Todas as medidas de seguran\u00e7a e higiene ser\u00e3o tomadas para garantir um processo de vacina\u00e7\u00e3o seguro para todos os cidad\u00e3os.<\/p>\n<p data-raofz=\"16\">Para mais informa\u00e7\u00f5es sobre a campanha de vacina\u00e7\u00e3o contra a gripe em Tr\u00eas Lagoas, os cidad\u00e3os podem entrar em contato com a Secretaria Municipal de Sa\u00fade.<\/p>\n","protected":false},"excerpt":{"rendered":"<p>O Dia D de vacina\u00e7\u00e3o contra a gripe acontece neste s\u00e1bado, 13 de abril, das 8h \u00e0s 16h em todas as unidades de sa\u00fade, incluindo a do Distrito do Arapu\u00e1. Esta a\u00e7\u00e3o faz parte da campanha de vacina\u00e7\u00e3o que teve in\u00edcio em 25 de mar\u00e7o e continuar\u00e1 at\u00e9 31 de maio. A Secretaria Municipal de [&hellip;]<\/p>\n","protected":false},"author":2,"featured_media":26501,"comment_status":"open","ping_status":"open","sticky":false,"template":"","format":"standard","meta":{"om_disable_all_campaigns":false,"_monsterinsights_skip_tracking":false,"_monsterinsights_sitenote_active":false,"_monsterinsights_sitenote_note":"","_monsterinsights_sitenote_category":0,"footnotes":""},"categories":[30,36,44,48],"tags":[],"aioseo_notices":[],"_links":{"self":[{"href":"https:\/\/expressaoms.com.br\/index.php\/wp-json\/wp\/v2\/posts\/26500"}],"collection":[{"href":"https:\/\/expressaoms.com.br\/index.php\/wp-json\/wp\/v2\/posts"}],"about":[{"href":"https:\/\/expressaoms.com.br\/index.php\/wp-json\/wp\/v2\/types\/post"}],"author":[{"embeddable":true,"href":"https:\/\/expressaoms.com.br\/index.php\/wp-json\/wp\/v2\/users\/2"}],"replies":[{"embeddable":true,"href":"https:\/\/expressaoms.com.br\/index.php\/wp-json\/wp\/v2\/comments?post=26500"}],"version-history":[{"count":1,"href":"https:\/\/expressaoms.com.br\/index.php\/wp-json\/wp\/v2\/posts\/26500\/revisions"}],"predecessor-version":[{"id":26502,"href":"https:\/\/expressaoms.com.br\/index.php\/wp-json\/wp\/v2\/posts\/26500\/revisions\/26502"}],"wp:featuredmedia":[{"embeddable":true,"href":"https:\/\/expressaoms.com.br\/index.php\/wp-json\/wp\/v2\/media\/26501"}],"wp:attachment":[{"href":"https:\/\/expressaoms.com.br\/index.php\/wp-json\/wp\/v2\/media?parent=26500"}],"wp:term":[{"taxonomy":"category","embeddable":true,"href":"https:\/\/expressaoms.com.br\/index.php\/wp-json\/wp\/v2\/categories?post=26500"},{"taxonomy":"post_tag","embeddable":true,"href":"https:\/\/expressaoms.com.br\/index.php\/wp-json\/wp\/v2\/tags?post=26500"}],"curies":[{"name":"wp","href":"https:\/\/api.w.org\/{rel}","templated":true}]}}