{"id":2664,"date":"2021-12-01T12:37:58","date_gmt":"2021-12-01T15:37:58","guid":{"rendered":"https:\/\/expressaoms.com.br\/?p=2664"},"modified":"2021-12-01T12:37:58","modified_gmt":"2021-12-01T15:37:58","slug":"vereadores-aprovam-projeto-que-define-acoes-para-proximos-quatro-anos","status":"publish","type":"post","link":"https:\/\/expressaoms.com.br\/index.php\/2021\/12\/01\/vereadores-aprovam-projeto-que-define-acoes-para-proximos-quatro-anos\/","title":{"rendered":"Vereadores aprovam projeto que define a\u00e7\u00f5es para pr\u00f3ximos quatro anos"},"content":{"rendered":"<p>Na manh\u00e3 desta ter\u00e7a-feira (30), os vereadores realizaram uma sess\u00e3o exclusiva para aprecia\u00e7\u00e3o do projeto de lei n\u00ba 120, que disp\u00f5e sobre o PPA (Plano Plurianual). O PPA 2022-2025 \u00e9 instrumento de planejamento governamental que define diretrizes, objetivos e metas da administra\u00e7\u00e3o municipal para as despesas de capital e outras delas decorrentes e para as relativas aos programas de dura\u00e7\u00e3o continuada.<\/p>\n<p>O vereador Paulo Veron apresentou uma emenda modificativa, visando alterar a reda\u00e7\u00e3o do artigo 7\u00ba.<\/p>\n<p>Durante a vota\u00e7\u00e3o, o PL foi aprovado e a emenda foi rejeitada.<\/p>\n<p>Conforme o artigo 4\u00ba, da proposta o PPA foi elaborado observando os seguintes Programas:<\/p>\n<ol>\n<li>Programas 1<\/li>\n<li>Qualifica Tr\u00eas Lagoas &#8211; contempla um conjunto de a\u00e7\u00f5es e solu\u00e7\u00f5es com foco em gest\u00e3o, capacita\u00e7\u00e3o profissional e atra\u00e7\u00e3o de investimentos para desenvolver os setores do com\u00e9rcio, servi\u00e7os, ind\u00fastria, turismo e agroneg\u00f3cio.<\/li>\n<li>Programa 2<\/li>\n<li>Infraestrutura para todos &#8211; tem como metas valorizar a identidade urbana de Tr\u00eas Lagoas e viabilizar a execu\u00e7\u00e3o de obras de requalifica\u00e7\u00e3o, drenagem, pavimenta\u00e7\u00e3o asf\u00e1ltica, mobilidade e paisagismo urbano. S\u00e3o iniciativas que contemplam toda a cidade e buscam o desenvolvimento integrado e sustent\u00e1vel do munic\u00edpio.<\/li>\n<\/ol>\n<ul>\n<li>Programa 3<\/li>\n<\/ul>\n<ol>\n<li>Desburocratiza Tr\u00eas Lagoas \u2013 Modernizar a gest\u00e3o administrativa por meio de sistemas e processos que permitam maior efici\u00eancia nos servi\u00e7os oferecidos aos mun\u00edcipes, com a desburocratiza\u00e7\u00e3o da m\u00e1quina p\u00fablica e agilidade no atendimento, proporcionando acesso direto as informa\u00e7\u00f5es com transpar\u00eancia e acessibilidade.<\/li>\n<li>Programa 4<\/li>\n<li>Bem-Estar &#8211; O capital humano se tornou o bem mais valioso do munic\u00edpio, criar a\u00e7\u00f5es que proporcione o bem-estar social \u00e9 um desafio para a gest\u00e3o p\u00fablica. Realizar pol\u00edticas p\u00fablicas que integre uma maior gama de servi\u00e7os oferecidos \u00e0 popula\u00e7\u00e3o, \u00e9 uma ferramenta de transforma\u00e7\u00e3o, que pode causar um impacto direto a curto e m\u00e9dio prazo, melhorando a qualidade de vida dos mun\u00edcipes.<\/li>\n<\/ol>\n","protected":false},"excerpt":{"rendered":"<p>Na manh\u00e3 desta ter\u00e7a-feira (30), os vereadores realizaram uma sess\u00e3o exclusiva para aprecia\u00e7\u00e3o do projeto de lei n\u00ba 120, que disp\u00f5e sobre o PPA (Plano Plurianual). O PPA 2022-2025 \u00e9 instrumento de planejamento governamental que define diretrizes, objetivos e metas da administra\u00e7\u00e3o municipal para as despesas de capital e outras delas decorrentes e para as [&hellip;]<\/p>\n","protected":false},"author":3,"featured_media":2665,"comment_status":"open","ping_status":"open","sticky":false,"template":"","format":"standard","meta":{"om_disable_all_campaigns":false,"_monsterinsights_skip_tracking":false,"_monsterinsights_sitenote_active":false,"_monsterinsights_sitenote_note":"","_monsterinsights_sitenote_category":0,"footnotes":""},"categories":[42,48],"tags":[],"aioseo_notices":[],"_links":{"self":[{"href":"https:\/\/expressaoms.com.br\/index.php\/wp-json\/wp\/v2\/posts\/2664"}],"collection":[{"href":"https:\/\/expressaoms.com.br\/index.php\/wp-json\/wp\/v2\/posts"}],"about":[{"href":"https:\/\/expressaoms.com.br\/index.php\/wp-json\/wp\/v2\/types\/post"}],"author":[{"embeddable":true,"href":"https:\/\/expressaoms.com.br\/index.php\/wp-json\/wp\/v2\/users\/3"}],"replies":[{"embeddable":true,"href":"https:\/\/expressaoms.com.br\/index.php\/wp-json\/wp\/v2\/comments?post=2664"}],"version-history":[{"count":1,"href":"https:\/\/expressaoms.com.br\/index.php\/wp-json\/wp\/v2\/posts\/2664\/revisions"}],"predecessor-version":[{"id":2666,"href":"https:\/\/expressaoms.com.br\/index.php\/wp-json\/wp\/v2\/posts\/2664\/revisions\/2666"}],"wp:featuredmedia":[{"embeddable":true,"href":"https:\/\/expressaoms.com.br\/index.php\/wp-json\/wp\/v2\/media\/2665"}],"wp:attachment":[{"href":"https:\/\/expressaoms.com.br\/index.php\/wp-json\/wp\/v2\/media?parent=2664"}],"wp:term":[{"taxonomy":"category","embeddable":true,"href":"https:\/\/expressaoms.com.br\/index.php\/wp-json\/wp\/v2\/categories?post=2664"},{"taxonomy":"post_tag","embeddable":true,"href":"https:\/\/expressaoms.com.br\/index.php\/wp-json\/wp\/v2\/tags?post=2664"}],"curies":[{"name":"wp","href":"https:\/\/api.w.org\/{rel}","templated":true}]}}