{"id":2667,"date":"2021-12-01T12:51:56","date_gmt":"2021-12-01T15:51:56","guid":{"rendered":"https:\/\/expressaoms.com.br\/?p=2667"},"modified":"2021-12-01T12:51:56","modified_gmt":"2021-12-01T15:51:56","slug":"quinta-da-lagoa-recebe-a-setima-area-de-lazer-do-programa-nossa-praca-em-tres-lagoas","status":"publish","type":"post","link":"https:\/\/expressaoms.com.br\/index.php\/2021\/12\/01\/quinta-da-lagoa-recebe-a-setima-area-de-lazer-do-programa-nossa-praca-em-tres-lagoas\/","title":{"rendered":"Quinta da Lagoa recebe a s\u00e9tima \u00e1rea de lazer do Programa \u201cNossa Pra\u00e7a\u201d em Tr\u00eas Lagoas"},"content":{"rendered":"<p>A s\u00e9tima unidade do Programa \u201cNossa Pra\u00e7a\u201d da Prefeitura de Tr\u00eas Lagoas, foi inaugurada nesta ter\u00e7a-feira (30), no Bairro Quinta da Lagoa.\u00a0Localizada entre as vias, Rua Alaor Pimenta Queiroz, Rua Bruno Garcia, Rua Parana\u00edba, Rua Manoel Cust\u00f3dio de Queiroz, totalizando uma \u00e1rea de 10.000,00 m\u00b2, o projeto \u00e9 composto por parquinhos, estar com pergolado, passeio com palco, academia, paisagismo, gramas, quadra poliesportiva e campo de futebol com alambrados.<\/p>\n<p>A moradora Hellen Cristina, ressalta que est\u00e1 contente tanto pela inaugura\u00e7\u00e3o, como pelas melhorias que a cidade vem recebendo. \u201cEst\u00e1vamos precisando muito desse espa\u00e7o, de um lugar para as crian\u00e7as brincarem, passearem, um espa\u00e7o de lazer para n\u00f3s. O lugar ficou \u00f3timo, agrade\u00e7o ao prefeito Angelo Guerreiro, nossa pra\u00e7a est\u00e1 bem melhor, a cidade em si toda mudou e est\u00e1 cada vez mais linda.\u201d<\/p>\n<p>Ao todo ser\u00e3o entregues oito pra\u00e7as, sendo sete constru\u00e7\u00f5es e uma reforma total, por meio do Programa \u201cNossa Pra\u00e7a, que tem como intuito instigar nos moradores beneficiados o sentimento de posse, trazendo a consci\u00eancia e cuidado para preservar o bem p\u00fablico, e sua conserva\u00e7\u00e3o aos longos dos anos.<\/p>\n<p>As seis pra\u00e7as j\u00e1 inauguradas foram dos bairros Jardim Gl\u00f3ria, Novo Ipanema, a Nova Tr\u00eas Lagoas, JK, Setsul e Jardim das Ac\u00e1cias. A pr\u00f3xima, que ocorrer\u00e1 na ter\u00e7a-feira (07), a partir das 17h30, ser\u00e1 a do Jardim dos Ip\u00eas.<\/p>\n<p>O vice-prefeito Paulo Salom\u00e3o e o presidente da c\u00e2mara municipal Dr. Cassiano Maia, elogiaram as novas pra\u00e7as. \u201cEssa regi\u00e3o do Quinta da Lagoa recebe um grande presente hoje, sendo contemplada com toda essa estrutura de lazer, esporte e de sa\u00fade\u201d, comentaram.<\/p>\n<p>O prefeito Angelo Guerreiro ressaltou que fica feliz em ver a popula\u00e7\u00e3o contente e comenta sobre o asfalto da regi\u00e3o. \u201cN\u00f3s quer\u00edamos inaugurar a pra\u00e7a com o asfalto aqui na frente. Infelizmente, tamb\u00e9m somos limitados, mas estamos em planejamento com os nossos secret\u00e1rios. N\u00f3s j\u00e1 temos planejamento da primeira etapa de pavimenta\u00e7\u00e3o asf\u00e1ltica da Avenida Jo\u00e3o Thomes, que ainda n\u00e3o foi realizada por um entrave de passagem da drenagem \u2013 no m\u00eas de mar\u00e7o j\u00e1 iremos assinar essa primeira etapa, firmo meu compromisso\u201d.<\/p>\n<p><strong>SOLENIDADE DE INAUGURA\u00c7\u00c3O<\/strong><\/p>\n<p>V\u00e1rias atra\u00e7\u00f5es fizeram parte da cerim\u00f4nia de inaugura\u00e7\u00e3o, todas elas foram organizadas pelas secretarias da Administra\u00e7\u00e3o Municipal voltada para crian\u00e7as, jovens e adultos. Como, aula de instru\u00e7\u00f5es do uso dos equipamentos da academia ao ar livre; pintura facial; teste r\u00e1pido de ISTs; aferi\u00e7\u00e3o de press\u00e3o arterial; agendamento de mamografia e citopatologico; distribui\u00e7\u00e3o de kits de higiene bucal e orienta\u00e7\u00f5es odontol\u00f3gicas; doa\u00e7\u00e3o de mudas; sacos verdes; recadastramento cemit\u00e9rio e pra\u00e7a de alimenta\u00e7\u00e3o. Para finalizar a noite um aul\u00e3o de dan\u00e7a foi comandado por Dayane Moraes, a popula\u00e7\u00e3o tamb\u00e9m pode curtir um show com o cantor JP.<\/p>\n<p><img fetchpriority=\"high\" decoding=\"async\" class=\"alignnone size-large wp-image-2668\" src=\"https:\/\/expressaoms.com.br\/wp-content\/uploads\/2021\/12\/praca_quinta_da_lagoa-28-1024x683.jpg\" alt=\"\" width=\"800\" height=\"534\" srcset=\"https:\/\/expressaoms.com.br\/wp-content\/uploads\/2021\/12\/praca_quinta_da_lagoa-28-1024x683.jpg 1024w, https:\/\/expressaoms.com.br\/wp-content\/uploads\/2021\/12\/praca_quinta_da_lagoa-28-300x200.jpg 300w, https:\/\/expressaoms.com.br\/wp-content\/uploads\/2021\/12\/praca_quinta_da_lagoa-28-768x512.jpg 768w, https:\/\/expressaoms.com.br\/wp-content\/uploads\/2021\/12\/praca_quinta_da_lagoa-28.jpg 1440w\" sizes=\"(max-width: 800px) 100vw, 800px\" \/><\/p>\n","protected":false},"excerpt":{"rendered":"<p>A s\u00e9tima unidade do Programa \u201cNossa Pra\u00e7a\u201d da Prefeitura de Tr\u00eas Lagoas, foi inaugurada nesta ter\u00e7a-feira (30), no Bairro Quinta da Lagoa.\u00a0Localizada entre as vias, Rua Alaor Pimenta Queiroz, Rua Bruno Garcia, Rua Parana\u00edba, Rua Manoel Cust\u00f3dio de Queiroz, totalizando uma \u00e1rea de 10.000,00 m\u00b2, o projeto \u00e9 composto por parquinhos, estar com pergolado, passeio [&hellip;]<\/p>\n","protected":false},"author":3,"featured_media":2670,"comment_status":"open","ping_status":"open","sticky":false,"template":"","format":"standard","meta":{"om_disable_all_campaigns":false,"_monsterinsights_skip_tracking":false,"_monsterinsights_sitenote_active":false,"_monsterinsights_sitenote_note":"","_monsterinsights_sitenote_category":0,"footnotes":""},"categories":[30,42,48],"tags":[],"aioseo_notices":[],"_links":{"self":[{"href":"https:\/\/expressaoms.com.br\/index.php\/wp-json\/wp\/v2\/posts\/2667"}],"collection":[{"href":"https:\/\/expressaoms.com.br\/index.php\/wp-json\/wp\/v2\/posts"}],"about":[{"href":"https:\/\/expressaoms.com.br\/index.php\/wp-json\/wp\/v2\/types\/post"}],"author":[{"embeddable":true,"href":"https:\/\/expressaoms.com.br\/index.php\/wp-json\/wp\/v2\/users\/3"}],"replies":[{"embeddable":true,"href":"https:\/\/expressaoms.com.br\/index.php\/wp-json\/wp\/v2\/comments?post=2667"}],"version-history":[{"count":1,"href":"https:\/\/expressaoms.com.br\/index.php\/wp-json\/wp\/v2\/posts\/2667\/revisions"}],"predecessor-version":[{"id":2671,"href":"https:\/\/expressaoms.com.br\/index.php\/wp-json\/wp\/v2\/posts\/2667\/revisions\/2671"}],"wp:featuredmedia":[{"embeddable":true,"href":"https:\/\/expressaoms.com.br\/index.php\/wp-json\/wp\/v2\/media\/2670"}],"wp:attachment":[{"href":"https:\/\/expressaoms.com.br\/index.php\/wp-json\/wp\/v2\/media?parent=2667"}],"wp:term":[{"taxonomy":"category","embeddable":true,"href":"https:\/\/expressaoms.com.br\/index.php\/wp-json\/wp\/v2\/categories?post=2667"},{"taxonomy":"post_tag","embeddable":true,"href":"https:\/\/expressaoms.com.br\/index.php\/wp-json\/wp\/v2\/tags?post=2667"}],"curies":[{"name":"wp","href":"https:\/\/api.w.org\/{rel}","templated":true}]}}