{"id":2672,"date":"2021-12-01T16:54:59","date_gmt":"2021-12-01T19:54:59","guid":{"rendered":"https:\/\/expressaoms.com.br\/?p=2672"},"modified":"2021-12-01T16:57:29","modified_gmt":"2021-12-01T19:57:29","slug":"nego-sil-conta-sua-historia-de-vida-e-novos-projetos-para-2022","status":"publish","type":"post","link":"https:\/\/expressaoms.com.br\/index.php\/2021\/12\/01\/nego-sil-conta-sua-historia-de-vida-e-novos-projetos-para-2022\/","title":{"rendered":"Nego Sil conta sua hist\u00f3ria de vida e novos projetos para 2022"},"content":{"rendered":"<p><strong><em>A Feijoada no Balde foi um sucesso em 2021, e \u00faltima edi\u00e7\u00e3o ser\u00e1 neste s\u00e1bado, dia 4.<\/em><\/strong><\/p>\n<p>&nbsp;<\/p>\n<p>O m\u00fasico, servidor p\u00fablico e empreendedor de culin\u00e1ria artesanal, Silreis Oliveira, o Nego Sil, foi o entrevistado do <strong>Jornal Express\u00e3o MS<\/strong> desta quarta-feira (1). Silreis contou um pouco de sua hist\u00f3ria de vida, com in\u00edcio na Guarda Mirim, Banda Marcial Cristo Redentor, banda musical Cad\u00ea Tereza, carreira de servidor p\u00fablico e o novo projeto que \u00e9 a cozinha artesanal, com a feijoada no balde e outros produtos que ele mesmo produz. O <strong>Jornal Express\u00e3o MS<\/strong> vai ao ar todas as quartas e sextas-feiras as 12hs na p\u00e1gina do <strong>Express\u00e3o MS<\/strong> no <a href=\"https:\/\/fb.watch\/9DyChjzPZ5\/\">Facebook<\/a> e no canal do site no <a href=\"https:\/\/www.youtube.com\/watch?v=E0PfCL_JPLw\">You Tube<\/a>.<\/p>\n<p><strong>Guarda Mirim e Banda Marcial<\/strong><\/p>\n<p>Emocionado, Silreis falou de como iniciou na Guarda Mirim e na Banda Marcial Cristo Redentor, e contou algumas hist\u00f3rias e experi\u00eancias que viveu sob os comandos dos saudosos comandante \u00c1tila Falc\u00e3o e do maestro Wanderlei Monteiro, idealizadores da Guarda Mirim e Banda Marcial em Tr\u00eas Lagoas.<\/p>\n<blockquote><p><em>\u201cNa Guarda Mirim eu comecei a trabalhar no banco, na Cesp, na prefeitura de Tr\u00eas Lagoas, e tudo atrav\u00e9s do nosso saudoso comandante \u00c1tila Rodrigues Falc\u00e3o, que foi um educador muito bom na minha vida, e a forma\u00e7\u00e3o musical do maestro Wanderlei Monteiro, que foi um paiz\u00e3o pra gente, e foi onde eu ingressei na m\u00fasica, na Guarda Mirim\u201d.<\/em><\/p><\/blockquote>\n<p>A Banda Marcial Cristo Redentor tamb\u00e9m foi um marco na vida de Silreis. \u201cTinha vez que cheg\u00e1vamos em Tr\u00eas Lagoas e j\u00e1 tinha outro \u00f4nibus esperando pra ir para outra cidade. A Banda Marcial era show e eu viajei muito com ela. Eu participei de v\u00e1rios concursos\u201d.<\/p>\n<p><img fetchpriority=\"high\" decoding=\"async\" class=\"alignnone size-full wp-image-2673\" src=\"https:\/\/expressaoms.com.br\/wp-content\/uploads\/2021\/12\/Silreis-2.jpg\" alt=\"\" width=\"1281\" height=\"715\" srcset=\"https:\/\/expressaoms.com.br\/wp-content\/uploads\/2021\/12\/Silreis-2.jpg 1281w, https:\/\/expressaoms.com.br\/wp-content\/uploads\/2021\/12\/Silreis-2-300x167.jpg 300w, https:\/\/expressaoms.com.br\/wp-content\/uploads\/2021\/12\/Silreis-2-1024x572.jpg 1024w, https:\/\/expressaoms.com.br\/wp-content\/uploads\/2021\/12\/Silreis-2-768x429.jpg 768w\" sizes=\"(max-width: 1281px) 100vw, 1281px\" \/><\/p>\n<p><strong>Banda Cad\u00ea Tereza<\/strong><\/p>\n<p>O amor pela m\u00fasica fez com que se unisse a outros m\u00fasicos e amigos e formaram a banda Cad\u00ea Tereza que atualmente se apresenta em v\u00e1rios locais em Tr\u00eas Lagoas e regi\u00e3o, com um repert\u00f3rio diferenciado, como gosta de dizer Silreis, tocando o que os outros n\u00e3o tocam.<\/p>\n<blockquote><p><em>\u201cCad\u00ea Tereza est\u00e1 com dois meses na estrada e gra\u00e7as a Deus est\u00e1 pintando muita oportunidade de tocar, j\u00e1 tocamos no p\u00eder da Marina, no Muller. Cad\u00ea Tereza \u00e9 uma banda que toca o que eles n\u00e3o tocam, \u00e9 o samba rock de verdade\u201d.<\/em><\/p><\/blockquote>\n<p><strong>Feijoada no Balde<\/strong><\/p>\n<p>De acordo com Silreis, a pandemia no ano passado mexeu muito com seu psicol\u00f3gico, causando problemas com a sa\u00fade com crises de ansiedade e depress\u00e3o, e come\u00e7ou a pensar numa forma de ampliar a renda em sua casa, e o apoio de sua esposa foi fundamental para essa decis\u00e3o. Come\u00e7aram a pensar no que fazer, e o amor pela culin\u00e1ria despertou a vontade de lan\u00e7ar um produto popular mas com o seu jeito de cozinhar, e a feijoada no balde come\u00e7ou pequena e hoje j\u00e1 quase n\u00e3o consegue atender a demanda de pedidos.<\/p>\n<blockquote><p><em>\u201cEu comecei eu mesmo fazer meus produtos artesanais. Eu comecei a defumar a minha panceta, eu mesmo salguei o p\u00e9 de porco, a orelha. A nossa feijoada \u00e9 completa, e tudo sou eu que fa\u00e7o. Eu tive que aumentar a demanda que no in\u00edcio era de 70 baldes e agora estamos com 130 e j\u00e1 est\u00e1 esgotando para o dia 4 de dezembro\u201d<\/em>.<\/p><\/blockquote>\n<p>Silreis tamb\u00e9m falou sobre os projetos para 2022, sua opini\u00e3o e mensagem para quem quer iniciar seu pr\u00f3prio neg\u00f3cio e empreender, e v\u00e1rias outras experi\u00eancias na Guarda Mirim, Banda Marcial e prefeitura de Tr\u00eas Laogas, na Guarda Municipal. Vale a pena conferir a entrevista na \u00edntegra no v\u00eddeo abaixo.<\/p>\n<p><iframe title=\"Jornal Express\u00e3o MS  Edi\u00e7\u00e3o 13 - Entrevista com Silreis de Oliveira, o Nego Sil\" width=\"640\" height=\"360\" src=\"https:\/\/www.youtube.com\/embed\/E0PfCL_JPLw?feature=oembed\" frameborder=\"0\" allow=\"accelerometer; autoplay; clipboard-write; encrypted-media; gyroscope; picture-in-picture; web-share\" referrerpolicy=\"strict-origin-when-cross-origin\" allowfullscreen><\/iframe><\/p>\n","protected":false},"excerpt":{"rendered":"<p>A Feijoada no Balde foi um sucesso em 2021, e \u00faltima edi\u00e7\u00e3o ser\u00e1 neste s\u00e1bado, dia 4. &nbsp; O m\u00fasico, servidor p\u00fablico e empreendedor de culin\u00e1ria artesanal, Silreis Oliveira, o Nego Sil, foi o entrevistado do Jornal Express\u00e3o MS desta quarta-feira (1). Silreis contou um pouco de sua hist\u00f3ria de vida, com in\u00edcio na Guarda [&hellip;]<\/p>\n","protected":false},"author":3,"featured_media":2674,"comment_status":"open","ping_status":"open","sticky":false,"template":"","format":"standard","meta":{"om_disable_all_campaigns":false,"_monsterinsights_skip_tracking":false,"_monsterinsights_sitenote_active":false,"_monsterinsights_sitenote_note":"","_monsterinsights_sitenote_category":0,"footnotes":""},"categories":[30,31,48],"tags":[],"aioseo_notices":[],"_links":{"self":[{"href":"https:\/\/expressaoms.com.br\/index.php\/wp-json\/wp\/v2\/posts\/2672"}],"collection":[{"href":"https:\/\/expressaoms.com.br\/index.php\/wp-json\/wp\/v2\/posts"}],"about":[{"href":"https:\/\/expressaoms.com.br\/index.php\/wp-json\/wp\/v2\/types\/post"}],"author":[{"embeddable":true,"href":"https:\/\/expressaoms.com.br\/index.php\/wp-json\/wp\/v2\/users\/3"}],"replies":[{"embeddable":true,"href":"https:\/\/expressaoms.com.br\/index.php\/wp-json\/wp\/v2\/comments?post=2672"}],"version-history":[{"count":3,"href":"https:\/\/expressaoms.com.br\/index.php\/wp-json\/wp\/v2\/posts\/2672\/revisions"}],"predecessor-version":[{"id":2677,"href":"https:\/\/expressaoms.com.br\/index.php\/wp-json\/wp\/v2\/posts\/2672\/revisions\/2677"}],"wp:featuredmedia":[{"embeddable":true,"href":"https:\/\/expressaoms.com.br\/index.php\/wp-json\/wp\/v2\/media\/2674"}],"wp:attachment":[{"href":"https:\/\/expressaoms.com.br\/index.php\/wp-json\/wp\/v2\/media?parent=2672"}],"wp:term":[{"taxonomy":"category","embeddable":true,"href":"https:\/\/expressaoms.com.br\/index.php\/wp-json\/wp\/v2\/categories?post=2672"},{"taxonomy":"post_tag","embeddable":true,"href":"https:\/\/expressaoms.com.br\/index.php\/wp-json\/wp\/v2\/tags?post=2672"}],"curies":[{"name":"wp","href":"https:\/\/api.w.org\/{rel}","templated":true}]}}