{"id":26746,"date":"2024-04-30T09:32:29","date_gmt":"2024-04-30T12:32:29","guid":{"rendered":"https:\/\/expressaoms.com.br\/?p=26746"},"modified":"2024-04-30T09:32:29","modified_gmt":"2024-04-30T12:32:29","slug":"sejuvel-abre-novas-turmas-de-atletismo-e-paradesporto-em-tl-para-toda-a-populacao","status":"publish","type":"post","link":"https:\/\/expressaoms.com.br\/index.php\/2024\/04\/30\/sejuvel-abre-novas-turmas-de-atletismo-e-paradesporto-em-tl-para-toda-a-populacao\/","title":{"rendered":"SEJUVEL abre novas turmas de atletismo e paradesporto em TL para toda a popula\u00e7\u00e3o"},"content":{"rendered":"<p>A Secretaria Municipal de Esporte, Juventude e Lazer (SEJUVEL) comunica que est\u00e3o abertas as inscri\u00e7\u00f5es para aulas de atletismo e paradesporto voltada para pessoas acima de 12 anos.<\/p>\n<p>Al\u00e9m de atletismo \u00e9 oferecido as modalidades de bocha- paral\u00edmpica, atletismo paral\u00edmpico; badminton paral\u00edmpico, bocha paral\u00edmpico. As aulas acontecem no Est\u00e1dio Associa\u00e7\u00e3o Desportiva Noroeste (ADEN) de ter\u00e7a e quinta-feira, nos hor\u00e1rios de 7h30 a 8h30; 8h30 a 9h30; 09h30 a 10h30.<\/p>\n<p>Para efetuar a inscri\u00e7\u00e3o no projeto, os interessados devem procurar a sede da SEJUVEL munidos com documento com foto. Mais informa\u00e7\u00f5es pelo n\u00famero (67) 3929-1800 ou diretamente da Secretaria, \u201cCacilda Acre Rocha\u201d, no cruzamento da Avenida Clodoaldo Garcia com a Rua Maria Guilhermina Esteves, atendimento de segunda a sexta-feira, das 07h \u00e0s 11h e das 13h \u00e0s 17h.<\/p>\n","protected":false},"excerpt":{"rendered":"<p>A Secretaria Municipal de Esporte, Juventude e Lazer (SEJUVEL) comunica que est\u00e3o abertas as inscri\u00e7\u00f5es para aulas de atletismo e paradesporto voltada para pessoas acima de 12 anos. Al\u00e9m de atletismo \u00e9 oferecido as modalidades de bocha- paral\u00edmpica, atletismo paral\u00edmpico; badminton paral\u00edmpico, bocha paral\u00edmpico. As aulas acontecem no Est\u00e1dio Associa\u00e7\u00e3o Desportiva Noroeste (ADEN) de ter\u00e7a [&hellip;]<\/p>\n","protected":false},"author":2,"featured_media":26747,"comment_status":"open","ping_status":"open","sticky":false,"template":"","format":"standard","meta":{"om_disable_all_campaigns":false,"_monsterinsights_skip_tracking":false,"_monsterinsights_sitenote_active":false,"_monsterinsights_sitenote_note":"","_monsterinsights_sitenote_category":0,"footnotes":""},"categories":[34,36,48],"tags":[],"aioseo_notices":[],"_links":{"self":[{"href":"https:\/\/expressaoms.com.br\/index.php\/wp-json\/wp\/v2\/posts\/26746"}],"collection":[{"href":"https:\/\/expressaoms.com.br\/index.php\/wp-json\/wp\/v2\/posts"}],"about":[{"href":"https:\/\/expressaoms.com.br\/index.php\/wp-json\/wp\/v2\/types\/post"}],"author":[{"embeddable":true,"href":"https:\/\/expressaoms.com.br\/index.php\/wp-json\/wp\/v2\/users\/2"}],"replies":[{"embeddable":true,"href":"https:\/\/expressaoms.com.br\/index.php\/wp-json\/wp\/v2\/comments?post=26746"}],"version-history":[{"count":1,"href":"https:\/\/expressaoms.com.br\/index.php\/wp-json\/wp\/v2\/posts\/26746\/revisions"}],"predecessor-version":[{"id":26748,"href":"https:\/\/expressaoms.com.br\/index.php\/wp-json\/wp\/v2\/posts\/26746\/revisions\/26748"}],"wp:featuredmedia":[{"embeddable":true,"href":"https:\/\/expressaoms.com.br\/index.php\/wp-json\/wp\/v2\/media\/26747"}],"wp:attachment":[{"href":"https:\/\/expressaoms.com.br\/index.php\/wp-json\/wp\/v2\/media?parent=26746"}],"wp:term":[{"taxonomy":"category","embeddable":true,"href":"https:\/\/expressaoms.com.br\/index.php\/wp-json\/wp\/v2\/categories?post=26746"},{"taxonomy":"post_tag","embeddable":true,"href":"https:\/\/expressaoms.com.br\/index.php\/wp-json\/wp\/v2\/tags?post=26746"}],"curies":[{"name":"wp","href":"https:\/\/api.w.org\/{rel}","templated":true}]}}