{"id":26770,"date":"2024-04-30T18:08:04","date_gmt":"2024-04-30T21:08:04","guid":{"rendered":"https:\/\/expressaoms.com.br\/?p=26770"},"modified":"2024-04-30T18:08:04","modified_gmt":"2024-04-30T21:08:04","slug":"ms-tem-saldo-de-4-197-vagas-de-emprego","status":"publish","type":"post","link":"https:\/\/expressaoms.com.br\/index.php\/2024\/04\/30\/ms-tem-saldo-de-4-197-vagas-de-emprego\/","title":{"rendered":"MS tem saldo de 4.197 vagas de emprego"},"content":{"rendered":"<p>A ind\u00fastria de transforma\u00e7\u00e3o, os transportes e o setor florestal foram destaque na gera\u00e7\u00e3o de empregos em Mato Grosso do Sul no m\u00eas de mar\u00e7o, que fechou com saldo positivo de 4.197 vagas. Os dados s\u00e3o da Carta de Conjuntura da Semadesc (Secretaria de Meio Ambiente, Desenvolvimento, Ci\u00eancia, Tecnologia e Inova\u00e7\u00e3o), elaborada com base no Caged (Cadastro Geral de Empregados e Desempregados do Minist\u00e9rio do Trabalho e Emprego). Nos \u00faltimos doze meses (abril\/2023 a mar\u00e7o de 2024) foram criados 27.560 empregos no Estado. O MS ficou na 12\u00aa posi\u00e7\u00e3o entre as Unidades Federativas com maior saldo no m\u00eas.<\/p>\n<p>Segundo o relat\u00f3rio, Mato Grosso do Sul registrou 39.331 admiss\u00f5es no m\u00eas de mar\u00e7o e 35.134 desligamentos. A maioria dos setores de atividade econ\u00f4mica teve um desempenho positivo em mar\u00e7o de 2024. O destaque ficou novamente com o setor de servi\u00e7os (2.177), seguido pela ind\u00fastria (972), agropecu\u00e1ria (834), com\u00e9rcio (566) e constru\u00e7\u00e3o (-352). Na ind\u00fastria, o subsetor Ind\u00fastrias de Transforma\u00e7\u00e3o apresentou o maior salto entre os demais, com a abertura de 839 novos postos, seguido pelos subsetores \u00c1gua, Esgoto, Atividades de Gest\u00e3o de Res\u00edduos e Descontamina\u00e7\u00e3o (91).<\/p>\n<p>Entre os subsetores dos Servi\u00e7os, houve destaque positivo para Transporte, armazenamento e correios, respons\u00e1vel pela cria\u00e7\u00e3o de 1.043 novas vagas, seguido pelos setores administra\u00e7\u00e3o p\u00fablica, defesa, seguridade social, educa\u00e7\u00e3o, sa\u00fade humana e servi\u00e7os sociais (701). Na Agropecu\u00e1ria, o subsetor de Produ\u00e7\u00e3o Florestal foi respons\u00e1vel por 510 novos postos de trabalho formal. Para o governador Eduardo Riedel, a gera\u00e7\u00e3o de empregos \u00e9 reflexo da confian\u00e7a do empresariado e da pol\u00edtica de redu\u00e7\u00e3o de impostos para impulsionar a economia e ajudar o bolso do cidad\u00e3o. Ele destacou ainda que, paralelamente \u00e0 atra\u00e7\u00e3o dos investimentos, o Governo do Estado incentiva a qualifica\u00e7\u00e3o profissional, por meio do programa MS Qualifica, para que os sul-mato-grossenses possam aproveitar as oportunidades.<\/p>\n<p>\u201cMato Grosso do Sul vive um momento de pleno crescimento, atraindo investimentos e gerando oportunidades. S\u00e3o dois grandes eixos. O primeiro \u00e9 o bom ambiente econ\u00f4mico que atrai investimentos e neg\u00f3cios, gera empregos, aumenta a renda e melhora a vida das pessoas. O segundo \u00e9 a educa\u00e7\u00e3o, para que as pessoas que moram aqui possam viver as oportunidades que s\u00e3o criadas, seja conseguindo coloca\u00e7\u00e3o no mercado de trabalho, promo\u00e7\u00e3o ou at\u00e9 mesmo gerando novos neg\u00f3cios\u201d, disse o governador.<\/p>\n<p>\u201cO avan\u00e7o nas contrata\u00e7\u00f5es na ind\u00fastria de transforma\u00e7\u00e3o, nos transportes e no agro, com o setor de produ\u00e7\u00e3o florestal, s\u00e3o uma sinaliza\u00e7\u00e3o evidente do resultado da a\u00e7\u00e3o das pol\u00edticas do Governo do Estado no fomento \u00e0 gera\u00e7\u00e3o de novas vagas no mercado de trabalho\u201d, comenta o secret\u00e1rio Jaime Verruck, da Semadesc.<\/p>\n<h2>Munic\u00edpios<\/h2>\n<p>Campo Grande lidera os munic\u00edpios com maior saldo de empregos no Estado (808). Logo em seguida aparece Dourados (430) e Rio Brilhante (266) foram os tr\u00eas munic\u00edpios com maior saldo no m\u00eas de mar\u00e7o. Por outro lado, os munic\u00edpios que mais fecharam postos foram Rio Brilhante (-103), Aral Moreira (-79) e Maracaju (-76).<\/p>\n","protected":false},"excerpt":{"rendered":"<p>A ind\u00fastria de transforma\u00e7\u00e3o, os transportes e o setor florestal foram destaque na gera\u00e7\u00e3o de empregos em Mato Grosso do Sul no m\u00eas de mar\u00e7o, que fechou com saldo positivo de 4.197 vagas. Os dados s\u00e3o da Carta de Conjuntura da Semadesc (Secretaria de Meio Ambiente, Desenvolvimento, Ci\u00eancia, Tecnologia e Inova\u00e7\u00e3o), elaborada com base no [&hellip;]<\/p>\n","protected":false},"author":3,"featured_media":26771,"comment_status":"open","ping_status":"open","sticky":false,"template":"","format":"standard","meta":{"om_disable_all_campaigns":false,"_monsterinsights_skip_tracking":false,"_monsterinsights_sitenote_active":false,"_monsterinsights_sitenote_note":"","_monsterinsights_sitenote_category":0,"footnotes":""},"categories":[30,31,33,266],"tags":[],"aioseo_notices":[],"_links":{"self":[{"href":"https:\/\/expressaoms.com.br\/index.php\/wp-json\/wp\/v2\/posts\/26770"}],"collection":[{"href":"https:\/\/expressaoms.com.br\/index.php\/wp-json\/wp\/v2\/posts"}],"about":[{"href":"https:\/\/expressaoms.com.br\/index.php\/wp-json\/wp\/v2\/types\/post"}],"author":[{"embeddable":true,"href":"https:\/\/expressaoms.com.br\/index.php\/wp-json\/wp\/v2\/users\/3"}],"replies":[{"embeddable":true,"href":"https:\/\/expressaoms.com.br\/index.php\/wp-json\/wp\/v2\/comments?post=26770"}],"version-history":[{"count":1,"href":"https:\/\/expressaoms.com.br\/index.php\/wp-json\/wp\/v2\/posts\/26770\/revisions"}],"predecessor-version":[{"id":26772,"href":"https:\/\/expressaoms.com.br\/index.php\/wp-json\/wp\/v2\/posts\/26770\/revisions\/26772"}],"wp:featuredmedia":[{"embeddable":true,"href":"https:\/\/expressaoms.com.br\/index.php\/wp-json\/wp\/v2\/media\/26771"}],"wp:attachment":[{"href":"https:\/\/expressaoms.com.br\/index.php\/wp-json\/wp\/v2\/media?parent=26770"}],"wp:term":[{"taxonomy":"category","embeddable":true,"href":"https:\/\/expressaoms.com.br\/index.php\/wp-json\/wp\/v2\/categories?post=26770"},{"taxonomy":"post_tag","embeddable":true,"href":"https:\/\/expressaoms.com.br\/index.php\/wp-json\/wp\/v2\/tags?post=26770"}],"curies":[{"name":"wp","href":"https:\/\/api.w.org\/{rel}","templated":true}]}}