{"id":26798,"date":"2024-05-02T15:22:52","date_gmt":"2024-05-02T18:22:52","guid":{"rendered":"https:\/\/expressaoms.com.br\/?p=26798"},"modified":"2024-05-02T15:22:52","modified_gmt":"2024-05-02T18:22:52","slug":"novo-publico-vacinacao-da-gripe-e-ampliada-para-todas-as-pessoas-acima-de-seis-meses-de-idade","status":"publish","type":"post","link":"https:\/\/expressaoms.com.br\/index.php\/2024\/05\/02\/novo-publico-vacinacao-da-gripe-e-ampliada-para-todas-as-pessoas-acima-de-seis-meses-de-idade\/","title":{"rendered":"NOVO P\u00daBLICO \u2013 Vacina\u00e7\u00e3o da gripe \u00e9 ampliada para todas as pessoas acima de seis meses de idade"},"content":{"rendered":"<p data-raofz=\"16\">A partir desta quinta-feira, 02 de maio, a vacina da Gripe\/Influenza est\u00e1 liberada para pessoas acima de seis meses de idade. A amplia\u00e7\u00e3o da faixa et\u00e1ria foi determinada pelo Minist\u00e9rio da Sa\u00fade como medida para conter o aumento dos casos de influenza no pa\u00eds, que tem lotado as emerg\u00eancias dos hospitais.<\/p>\n<p data-raofz=\"16\">O of\u00edcio circular n\u00ba 142\/2024\/SVSA\/MS orienta que, apesar de ser estendida para todos os p\u00fablicos, os munic\u00edpios poder\u00e3o definir suas estrat\u00e9gias com base no estoque dispon\u00edvel de vacinas.<\/p>\n<p data-raofz=\"16\"><strong>PANORAMA TR\u00caS LAGOAS<\/strong><\/p>\n<p data-raofz=\"16\">Atualmente, Tr\u00eas Lagoas possui 27,90% de cobertura, a meta estabelecida pelo Minist\u00e9rio era de 90% do p\u00fablico priorit\u00e1rio. O munic\u00edpio conta com 10.910 doses em estoque da vacina.<\/p>\n<p data-raofz=\"16\">As vacinas est\u00e3o dispon\u00edveis em todas as Unidades de Sa\u00fade da Fam\u00edlia (USF); para receber o imunizante, basta comparecer \u00e0 USF de refer\u00eancia do seu bairro, munido de documento e carteira de vacina\u00e7\u00e3o. Quem tomou a vacina da dengue pode receber o imunizante ap\u00f3s 24 horas.<\/p>\n","protected":false},"excerpt":{"rendered":"<p>A partir desta quinta-feira, 02 de maio, a vacina da Gripe\/Influenza est\u00e1 liberada para pessoas acima de seis meses de idade. A amplia\u00e7\u00e3o da faixa et\u00e1ria foi determinada pelo Minist\u00e9rio da Sa\u00fade como medida para conter o aumento dos casos de influenza no pa\u00eds, que tem lotado as emerg\u00eancias dos hospitais. O of\u00edcio circular n\u00ba [&hellip;]<\/p>\n","protected":false},"author":2,"featured_media":26799,"comment_status":"open","ping_status":"open","sticky":false,"template":"","format":"standard","meta":{"om_disable_all_campaigns":false,"_monsterinsights_skip_tracking":false,"_monsterinsights_sitenote_active":false,"_monsterinsights_sitenote_note":"","_monsterinsights_sitenote_category":0,"footnotes":""},"categories":[36,44,48],"tags":[],"aioseo_notices":[],"_links":{"self":[{"href":"https:\/\/expressaoms.com.br\/index.php\/wp-json\/wp\/v2\/posts\/26798"}],"collection":[{"href":"https:\/\/expressaoms.com.br\/index.php\/wp-json\/wp\/v2\/posts"}],"about":[{"href":"https:\/\/expressaoms.com.br\/index.php\/wp-json\/wp\/v2\/types\/post"}],"author":[{"embeddable":true,"href":"https:\/\/expressaoms.com.br\/index.php\/wp-json\/wp\/v2\/users\/2"}],"replies":[{"embeddable":true,"href":"https:\/\/expressaoms.com.br\/index.php\/wp-json\/wp\/v2\/comments?post=26798"}],"version-history":[{"count":1,"href":"https:\/\/expressaoms.com.br\/index.php\/wp-json\/wp\/v2\/posts\/26798\/revisions"}],"predecessor-version":[{"id":26800,"href":"https:\/\/expressaoms.com.br\/index.php\/wp-json\/wp\/v2\/posts\/26798\/revisions\/26800"}],"wp:featuredmedia":[{"embeddable":true,"href":"https:\/\/expressaoms.com.br\/index.php\/wp-json\/wp\/v2\/media\/26799"}],"wp:attachment":[{"href":"https:\/\/expressaoms.com.br\/index.php\/wp-json\/wp\/v2\/media?parent=26798"}],"wp:term":[{"taxonomy":"category","embeddable":true,"href":"https:\/\/expressaoms.com.br\/index.php\/wp-json\/wp\/v2\/categories?post=26798"},{"taxonomy":"post_tag","embeddable":true,"href":"https:\/\/expressaoms.com.br\/index.php\/wp-json\/wp\/v2\/tags?post=26798"}],"curies":[{"name":"wp","href":"https:\/\/api.w.org\/{rel}","templated":true}]}}