{"id":26805,"date":"2024-05-03T08:33:18","date_gmt":"2024-05-03T11:33:18","guid":{"rendered":"https:\/\/expressaoms.com.br\/?p=26805"},"modified":"2024-05-03T08:33:18","modified_gmt":"2024-05-03T11:33:18","slug":"prefeitura-de-tres-lagoas-intensifica-medidas-contra-a-febre-amarela","status":"publish","type":"post","link":"https:\/\/expressaoms.com.br\/index.php\/2024\/05\/03\/prefeitura-de-tres-lagoas-intensifica-medidas-contra-a-febre-amarela\/","title":{"rendered":"Prefeitura de Tr\u00eas Lagoas intensifica medidas contra a febre amarela"},"content":{"rendered":"<p>A Prefeitura de Tr\u00eas Lagoas, por meio da Secretaria Municipal de Sa\u00fade (SMS), est\u00e1 intensificando a vacina\u00e7\u00e3o e as medidas de vigil\u00e2ncia para combater a Febre Amarela. A doen\u00e7a tem sido uma preocupa\u00e7\u00e3o para as autoridades de sa\u00fade, principalmente na regi\u00e3o Centro-Oeste do Brasil.<\/p>\n<p>At\u00e9 a \u00faltima semana, foram confirmados quatro casos humanos no pa\u00eds, tr\u00eas deles foram a \u00f3bito. Esses casos alertam para a import\u00e2ncia da busca ativa e da notifica\u00e7\u00e3o imediata de casos suspeitos, tanto em humanos quanto em animais.<\/p>\n<p>Al\u00e9m disso, a intensifica\u00e7\u00e3o da vacina\u00e7\u00e3o \u00e9 fundamental. A vacina contra a febre amarela est\u00e1 dispon\u00edvel gratuitamente nos postos de sa\u00fade da cidade, sem necessidade de agendamento pr\u00e9vio<\/p>\n<p>\u201cA vacina\u00e7\u00e3o \u00e9 uma medida eficaz de sa\u00fade p\u00fablica para prevenir a doen\u00e7a, e a Prefeitura est\u00e1 acompanhando de perto a cobertura vacinal e identificando necessidades de novas interven\u00e7\u00f5es para melhorar a ades\u00e3o\u201d, comentou Elaine F\u00fario, secret\u00e1ria da SMS.<\/p>\n<p>\u00c9 importante ressaltar que a vacina\u00e7\u00e3o \u00e9 contraindicada apenas em casos espec\u00edficos, como alergias graves a componentes da vacina, gestantes, lactantes e imunossuprimidos.<\/p>\n","protected":false},"excerpt":{"rendered":"<p>A Prefeitura de Tr\u00eas Lagoas, por meio da Secretaria Municipal de Sa\u00fade (SMS), est\u00e1 intensificando a vacina\u00e7\u00e3o e as medidas de vigil\u00e2ncia para combater a Febre Amarela. A doen\u00e7a tem sido uma preocupa\u00e7\u00e3o para as autoridades de sa\u00fade, principalmente na regi\u00e3o Centro-Oeste do Brasil. At\u00e9 a \u00faltima semana, foram confirmados quatro casos humanos no pa\u00eds, [&hellip;]<\/p>\n","protected":false},"author":2,"featured_media":26806,"comment_status":"open","ping_status":"open","sticky":false,"template":"","format":"standard","meta":{"om_disable_all_campaigns":false,"_monsterinsights_skip_tracking":false,"_monsterinsights_sitenote_active":false,"_monsterinsights_sitenote_note":"","_monsterinsights_sitenote_category":0,"footnotes":""},"categories":[36,44,48],"tags":[],"aioseo_notices":[],"_links":{"self":[{"href":"https:\/\/expressaoms.com.br\/index.php\/wp-json\/wp\/v2\/posts\/26805"}],"collection":[{"href":"https:\/\/expressaoms.com.br\/index.php\/wp-json\/wp\/v2\/posts"}],"about":[{"href":"https:\/\/expressaoms.com.br\/index.php\/wp-json\/wp\/v2\/types\/post"}],"author":[{"embeddable":true,"href":"https:\/\/expressaoms.com.br\/index.php\/wp-json\/wp\/v2\/users\/2"}],"replies":[{"embeddable":true,"href":"https:\/\/expressaoms.com.br\/index.php\/wp-json\/wp\/v2\/comments?post=26805"}],"version-history":[{"count":1,"href":"https:\/\/expressaoms.com.br\/index.php\/wp-json\/wp\/v2\/posts\/26805\/revisions"}],"predecessor-version":[{"id":26807,"href":"https:\/\/expressaoms.com.br\/index.php\/wp-json\/wp\/v2\/posts\/26805\/revisions\/26807"}],"wp:featuredmedia":[{"embeddable":true,"href":"https:\/\/expressaoms.com.br\/index.php\/wp-json\/wp\/v2\/media\/26806"}],"wp:attachment":[{"href":"https:\/\/expressaoms.com.br\/index.php\/wp-json\/wp\/v2\/media?parent=26805"}],"wp:term":[{"taxonomy":"category","embeddable":true,"href":"https:\/\/expressaoms.com.br\/index.php\/wp-json\/wp\/v2\/categories?post=26805"},{"taxonomy":"post_tag","embeddable":true,"href":"https:\/\/expressaoms.com.br\/index.php\/wp-json\/wp\/v2\/tags?post=26805"}],"curies":[{"name":"wp","href":"https:\/\/api.w.org\/{rel}","templated":true}]}}