{"id":26808,"date":"2024-05-03T08:33:52","date_gmt":"2024-05-03T11:33:52","guid":{"rendered":"https:\/\/expressaoms.com.br\/?p=26808"},"modified":"2024-05-03T08:33:52","modified_gmt":"2024-05-03T11:33:52","slug":"psu-prefeitura-publica-resolucao-com-a-convocacao-de-dois-cargos-veja-a-lista","status":"publish","type":"post","link":"https:\/\/expressaoms.com.br\/index.php\/2024\/05\/03\/psu-prefeitura-publica-resolucao-com-a-convocacao-de-dois-cargos-veja-a-lista\/","title":{"rendered":"PSU \u2013 Prefeitura publica resolu\u00e7\u00e3o com a convoca\u00e7\u00e3o de dois cargos, veja a lista"},"content":{"rendered":"<p>A Prefeitura de Tr\u00eas Lagoas, atrav\u00e9s da Secretaria Municipal de Administra\u00e7\u00e3o (SEMAD), divulgou, nesta quinta-feira, 02 de maio, a resolu\u00e7\u00e3o n\u00ba 017\/SEMAD\/2024 com a convoca\u00e7\u00e3o de dois cargos de candidatos classificados no Processo Seletivo Unificado (PSU) para contrata\u00e7\u00e3o por excepcional interesse p\u00fablico da Administra\u00e7\u00e3o Municipal.<\/p>\n<p>Foram convocados 12 profissionais de apoio \u00e0 inclus\u00e3o escolar e 1 psic\u00f3logo. Os selecionados v\u00e3o atuar na Secretaria Municipal de Educa\u00e7\u00e3o e Cultura (SEMEC). Nesta etapa do PSU, o candidato chamado dever\u00e1 realizar exame admissional no Servi\u00e7o Especializado em Engenharia de Seguran\u00e7a e em Medicina do Trabalho (SESMT), no dia 06 (segunda-feira), al\u00e9m de entregar a documenta\u00e7\u00e3o exigida no edital no Departamento de Recursos Humanos da SEMEC, no dia 07, conforme hor\u00e1rio e dia agendado no edital.<\/p>\n<p>As informa\u00e7\u00f5es detalhadas dos nomes dos candidatos, dias, hor\u00e1rios e locais de cada etapa constam no documento publicado no Di\u00e1rio Oficial da Associa\u00e7\u00e3o dos Munic\u00edpios de Mato Grosso do Sul (ASSOMASUL), edi\u00e7\u00e3o n\u00ba 3580. O edital est\u00e1 dispon\u00edvel no site da Prefeitura, na op\u00e7\u00e3o Di\u00e1rio. Em caso de d\u00favidas, o candidato pode entrar em contato pelo telefone (67) 99155-1162.<\/p>\n<p><a role=\"link\" href=\"http:\/\/www.treslagoas.ms.gov.br\/wp-content\/uploads\/2024\/05\/3580-02-05-2024.pdf\" data-type=\"link\" data-id=\"http:\/\/www.treslagoas.ms.gov.br\/wp-content\/uploads\/2024\/05\/3580-02-05-2024.pdf\">RESOLU\u00c7\u00c3O 017\/SEMAD\/2024<\/a><\/p>\n","protected":false},"excerpt":{"rendered":"<p>A Prefeitura de Tr\u00eas Lagoas, atrav\u00e9s da Secretaria Municipal de Administra\u00e7\u00e3o (SEMAD), divulgou, nesta quinta-feira, 02 de maio, a resolu\u00e7\u00e3o n\u00ba 017\/SEMAD\/2024 com a convoca\u00e7\u00e3o de dois cargos de candidatos classificados no Processo Seletivo Unificado (PSU) para contrata\u00e7\u00e3o por excepcional interesse p\u00fablico da Administra\u00e7\u00e3o Municipal. Foram convocados 12 profissionais de apoio \u00e0 inclus\u00e3o escolar e [&hellip;]<\/p>\n","protected":false},"author":2,"featured_media":26809,"comment_status":"open","ping_status":"open","sticky":false,"template":"","format":"standard","meta":{"om_disable_all_campaigns":false,"_monsterinsights_skip_tracking":false,"_monsterinsights_sitenote_active":false,"_monsterinsights_sitenote_note":"","_monsterinsights_sitenote_category":0,"footnotes":""},"categories":[36,48],"tags":[],"aioseo_notices":[],"_links":{"self":[{"href":"https:\/\/expressaoms.com.br\/index.php\/wp-json\/wp\/v2\/posts\/26808"}],"collection":[{"href":"https:\/\/expressaoms.com.br\/index.php\/wp-json\/wp\/v2\/posts"}],"about":[{"href":"https:\/\/expressaoms.com.br\/index.php\/wp-json\/wp\/v2\/types\/post"}],"author":[{"embeddable":true,"href":"https:\/\/expressaoms.com.br\/index.php\/wp-json\/wp\/v2\/users\/2"}],"replies":[{"embeddable":true,"href":"https:\/\/expressaoms.com.br\/index.php\/wp-json\/wp\/v2\/comments?post=26808"}],"version-history":[{"count":1,"href":"https:\/\/expressaoms.com.br\/index.php\/wp-json\/wp\/v2\/posts\/26808\/revisions"}],"predecessor-version":[{"id":26810,"href":"https:\/\/expressaoms.com.br\/index.php\/wp-json\/wp\/v2\/posts\/26808\/revisions\/26810"}],"wp:featuredmedia":[{"embeddable":true,"href":"https:\/\/expressaoms.com.br\/index.php\/wp-json\/wp\/v2\/media\/26809"}],"wp:attachment":[{"href":"https:\/\/expressaoms.com.br\/index.php\/wp-json\/wp\/v2\/media?parent=26808"}],"wp:term":[{"taxonomy":"category","embeddable":true,"href":"https:\/\/expressaoms.com.br\/index.php\/wp-json\/wp\/v2\/categories?post=26808"},{"taxonomy":"post_tag","embeddable":true,"href":"https:\/\/expressaoms.com.br\/index.php\/wp-json\/wp\/v2\/tags?post=26808"}],"curies":[{"name":"wp","href":"https:\/\/api.w.org\/{rel}","templated":true}]}}