{"id":26811,"date":"2024-05-03T08:36:07","date_gmt":"2024-05-03T11:36:07","guid":{"rendered":"https:\/\/expressaoms.com.br\/?p=26811"},"modified":"2024-05-03T08:36:07","modified_gmt":"2024-05-03T11:36:07","slug":"tres-lagoas-registra-aumento-de-53-nos-casos-de-chikungunya","status":"publish","type":"post","link":"https:\/\/expressaoms.com.br\/index.php\/2024\/05\/03\/tres-lagoas-registra-aumento-de-53-nos-casos-de-chikungunya\/","title":{"rendered":"Tr\u00eas Lagoas registra aumento de 53% nos casos de Chikungunya"},"content":{"rendered":"<p data-raofz=\"16\">O perigo do Aedes aegypti n\u00e3o est\u00e1 somente na transmiss\u00e3o da dengue; o mosquito tamb\u00e9m \u00e9 respons\u00e1vel por doen\u00e7as como Chikungunya, Zika e Febre Amarela. Tr\u00eas Lagoas j\u00e1 registra aumento de 53% nos casos positivos de chikungunya, o que \u00e9 ainda mais alarmante quando comparado ao total registrado em 2023.<\/p>\n<p data-raofz=\"16\">Nos doze meses do ano passado, o munic\u00edpio registrou 15 casos confirmados de Chikungunya. Neste ano, somente nos quatro primeiros meses, j\u00e1 foram contabilizados 23 casos, segundo dados do boletim da Secretaria Estadual da Sa\u00fade (SES), referentes \u00e0 17\u00aa semana epidemiol\u00f3gica.<\/p>\n<p data-raofz=\"16\">O m\u00e9dico da fam\u00edlia e comunidade da Vigil\u00e2ncia Epidemiol\u00f3gica (VIGEP), Vin\u00edcius de Jesus Rodrigues, da Secretaria Municipal de Sa\u00fade (SMS), alerta que Dengue, Zika e Chikungunya s\u00e3o dif\u00edceis de serem diferenciadas apenas pelos sintomas. Inclusive, n\u00e3o \u00e9 recomendado tentar fazer essa diferencia\u00e7\u00e3o.<\/p>\n<p data-raofz=\"16\">\u201cA defini\u00e7\u00e3o de qual \u00e9 a doen\u00e7a \u00e9 feita pelos exames laboratoriais (PCR\/isolamento viral ou sorologia). Na pr\u00e1tica, especialmente nos dias de sintomas mais agudos (que duram cerca de 10 dias), os sintomas s\u00e3o praticamente os mesmos, bem como o tratamento\u201d, explicou o m\u00e9dico.<\/p>\n<p data-raofz=\"16\">A SMS ressalta que os casos de Chikungunya t\u00eam aumentado nos \u00faltimos anos e a tend\u00eancia \u00e9 que coexistam cada vez mais com a dengue, de modo que em \u00e9pocas chuvosas e quentes deveremos ter ambos os v\u00edrus circulando intensamente. Vinicius destaca ainda que \u00e9 importante lembrar que ambos s\u00e3o transmitidos pela mesma esp\u00e9cie de mosquito (Aedes aegypti), causando praticamente os mesmos sintomas agudos, mas com a diferen\u00e7a de que a Chikungunya pode deixar sequelas cr\u00f4nicas, como cansa\u00e7o, fadiga, dores musculares e articulares, que podem durar de semanas a anos.<\/p>\n","protected":false},"excerpt":{"rendered":"<p>O perigo do Aedes aegypti n\u00e3o est\u00e1 somente na transmiss\u00e3o da dengue; o mosquito tamb\u00e9m \u00e9 respons\u00e1vel por doen\u00e7as como Chikungunya, Zika e Febre Amarela. Tr\u00eas Lagoas j\u00e1 registra aumento de 53% nos casos positivos de chikungunya, o que \u00e9 ainda mais alarmante quando comparado ao total registrado em 2023. Nos doze meses do ano [&hellip;]<\/p>\n","protected":false},"author":2,"featured_media":26812,"comment_status":"open","ping_status":"open","sticky":false,"template":"","format":"standard","meta":{"om_disable_all_campaigns":false,"_monsterinsights_skip_tracking":false,"_monsterinsights_sitenote_active":false,"_monsterinsights_sitenote_note":"","_monsterinsights_sitenote_category":0,"footnotes":""},"categories":[30,36,44,48],"tags":[],"aioseo_notices":[],"_links":{"self":[{"href":"https:\/\/expressaoms.com.br\/index.php\/wp-json\/wp\/v2\/posts\/26811"}],"collection":[{"href":"https:\/\/expressaoms.com.br\/index.php\/wp-json\/wp\/v2\/posts"}],"about":[{"href":"https:\/\/expressaoms.com.br\/index.php\/wp-json\/wp\/v2\/types\/post"}],"author":[{"embeddable":true,"href":"https:\/\/expressaoms.com.br\/index.php\/wp-json\/wp\/v2\/users\/2"}],"replies":[{"embeddable":true,"href":"https:\/\/expressaoms.com.br\/index.php\/wp-json\/wp\/v2\/comments?post=26811"}],"version-history":[{"count":1,"href":"https:\/\/expressaoms.com.br\/index.php\/wp-json\/wp\/v2\/posts\/26811\/revisions"}],"predecessor-version":[{"id":26813,"href":"https:\/\/expressaoms.com.br\/index.php\/wp-json\/wp\/v2\/posts\/26811\/revisions\/26813"}],"wp:featuredmedia":[{"embeddable":true,"href":"https:\/\/expressaoms.com.br\/index.php\/wp-json\/wp\/v2\/media\/26812"}],"wp:attachment":[{"href":"https:\/\/expressaoms.com.br\/index.php\/wp-json\/wp\/v2\/media?parent=26811"}],"wp:term":[{"taxonomy":"category","embeddable":true,"href":"https:\/\/expressaoms.com.br\/index.php\/wp-json\/wp\/v2\/categories?post=26811"},{"taxonomy":"post_tag","embeddable":true,"href":"https:\/\/expressaoms.com.br\/index.php\/wp-json\/wp\/v2\/tags?post=26811"}],"curies":[{"name":"wp","href":"https:\/\/api.w.org\/{rel}","templated":true}]}}