{"id":26975,"date":"2024-05-13T11:56:56","date_gmt":"2024-05-13T14:56:56","guid":{"rendered":"https:\/\/expressaoms.com.br\/?p=26975"},"modified":"2024-05-13T11:56:56","modified_gmt":"2024-05-13T14:56:56","slug":"tardezinha-balneario-com-varias-atracoes-incriveis-o-projeto-volta-nesse-domingo-19","status":"publish","type":"post","link":"https:\/\/expressaoms.com.br\/index.php\/2024\/05\/13\/tardezinha-balneario-com-varias-atracoes-incriveis-o-projeto-volta-nesse-domingo-19\/","title":{"rendered":"TARDEZINHA BALNE\u00c1RIO \u2013 Com v\u00e1rias atra\u00e7\u00f5es incr\u00edveis o projeto volta nesse domingo (19)"},"content":{"rendered":"<p data-raofz=\"16\">Neste domingo, dia 19 de maio, teremos o retorno do \u201cTardezinha no Balne\u00e1rio\u201d, um evento gratuito promovido pela Prefeitura de Tr\u00eas Lagoas, por meio da Secretaria Municipal de Desenvolvimento Econ\u00f4mico, Ci\u00eancia, Tecnologia e Turismo (SEDECT), juntamente com a Secretaria Municipal de Educa\u00e7\u00e3o e Cultura (SEMEC). O evento ocorrer\u00e1 no Balne\u00e1rio Municipal \u201cMiguel Jorge Tabox\u201d, a partir das 14h.<\/p>\n<p data-raofz=\"16\">A atra\u00e7\u00e3o desta semana contar\u00e1 com apresenta\u00e7\u00f5es da Alba Lessa e banda, Grupo Karaka e Grupo do Month, preenchendo a tarde com MPB, samba e pagode a partir das 15h. Ser\u00e1 um domingo cheio de anima\u00e7\u00e3o para quem deseja se divertir, curtir e aproveitar \u00e0 beira do Rio Sucuri\u00fa.<\/p>\n<p data-raofz=\"16\">Al\u00e9m da excelente m\u00fasica, a Tardezinha tamb\u00e9m oferecer\u00e1 uma pra\u00e7a de alimenta\u00e7\u00e3o com diversos food trucks, incluindo Andr\u00e9a Pastel\u00e3o, Chopp do Krokitos, Fusca A\u00e7a\u00ed da Hora, Bentinho Churros, Espetinho do L\u00e9o, Via Malte e Silvia Pipoqueira.<\/p>\n<p data-raofz=\"16\">IMPORTANTE<\/p>\n<p data-raofz=\"16\">O Balne\u00e1rio estar\u00e1 aberto a partir das 8h, por seguran\u00e7a, n\u00e3o \u00e9 permitida a entrada no recinto com objetos de metal perfurante e vidro. \u00c9 permitido levar bebidas e alimentos pr\u00f3prios, desde que acondicionados em latas e\/ou pl\u00e1stico.<\/p>\n<p data-raofz=\"16\">Os quiosques do local s\u00f3 podem ser usados mediante agendamento pelo 67 99153-1229 e pagamento da taxa de R$ 40 e o uso da mariana (embarque e desembarque) com retirada de ticket na portaria ao valor de R$ 10 por embarca\u00e7\u00e3o. Por\u00e9m, o restante dos locais do recinto \u00e9 de uso livre e comum.<\/p>\n<p data-raofz=\"16\">SERVI\u00c7O<\/p>\n<p data-raofz=\"16\">Tardezinha no Balne\u00e1rio<br \/>\nData: Dia 19 (domingo)<br \/>\nHor\u00e1rio: A partir das 14h<br \/>\nLocal: Balne\u00e1rio Municipal \u201cMiguel Jorge Tabox<\/p>\n","protected":false},"excerpt":{"rendered":"<p>Neste domingo, dia 19 de maio, teremos o retorno do \u201cTardezinha no Balne\u00e1rio\u201d, um evento gratuito promovido pela Prefeitura de Tr\u00eas Lagoas, por meio da Secretaria Municipal de Desenvolvimento Econ\u00f4mico, Ci\u00eancia, Tecnologia e Turismo (SEDECT), juntamente com a Secretaria Municipal de Educa\u00e7\u00e3o e Cultura (SEMEC). O evento ocorrer\u00e1 no Balne\u00e1rio Municipal \u201cMiguel Jorge Tabox\u201d, a [&hellip;]<\/p>\n","protected":false},"author":2,"featured_media":26976,"comment_status":"open","ping_status":"open","sticky":false,"template":"","format":"standard","meta":{"om_disable_all_campaigns":false,"_monsterinsights_skip_tracking":false,"_monsterinsights_sitenote_active":false,"_monsterinsights_sitenote_note":"","_monsterinsights_sitenote_category":0,"footnotes":""},"categories":[35,36,48],"tags":[],"aioseo_notices":[],"_links":{"self":[{"href":"https:\/\/expressaoms.com.br\/index.php\/wp-json\/wp\/v2\/posts\/26975"}],"collection":[{"href":"https:\/\/expressaoms.com.br\/index.php\/wp-json\/wp\/v2\/posts"}],"about":[{"href":"https:\/\/expressaoms.com.br\/index.php\/wp-json\/wp\/v2\/types\/post"}],"author":[{"embeddable":true,"href":"https:\/\/expressaoms.com.br\/index.php\/wp-json\/wp\/v2\/users\/2"}],"replies":[{"embeddable":true,"href":"https:\/\/expressaoms.com.br\/index.php\/wp-json\/wp\/v2\/comments?post=26975"}],"version-history":[{"count":1,"href":"https:\/\/expressaoms.com.br\/index.php\/wp-json\/wp\/v2\/posts\/26975\/revisions"}],"predecessor-version":[{"id":26977,"href":"https:\/\/expressaoms.com.br\/index.php\/wp-json\/wp\/v2\/posts\/26975\/revisions\/26977"}],"wp:featuredmedia":[{"embeddable":true,"href":"https:\/\/expressaoms.com.br\/index.php\/wp-json\/wp\/v2\/media\/26976"}],"wp:attachment":[{"href":"https:\/\/expressaoms.com.br\/index.php\/wp-json\/wp\/v2\/media?parent=26975"}],"wp:term":[{"taxonomy":"category","embeddable":true,"href":"https:\/\/expressaoms.com.br\/index.php\/wp-json\/wp\/v2\/categories?post=26975"},{"taxonomy":"post_tag","embeddable":true,"href":"https:\/\/expressaoms.com.br\/index.php\/wp-json\/wp\/v2\/tags?post=26975"}],"curies":[{"name":"wp","href":"https:\/\/api.w.org\/{rel}","templated":true}]}}