{"id":27068,"date":"2024-05-17T10:03:27","date_gmt":"2024-05-17T13:03:27","guid":{"rendered":"https:\/\/expressaoms.com.br\/?p=27068"},"modified":"2024-05-17T10:03:27","modified_gmt":"2024-05-17T13:03:27","slug":"juiz-poe-acao-em-ordem-e-prepara-julgamento-de-corrupcao-em-contrato-de-r-94-milhoes-no-tce","status":"publish","type":"post","link":"https:\/\/expressaoms.com.br\/index.php\/2024\/05\/17\/juiz-poe-acao-em-ordem-e-prepara-julgamento-de-corrupcao-em-contrato-de-r-94-milhoes-no-tce\/","title":{"rendered":"Juiz p\u00f5e a\u00e7\u00e3o em ordem e prepara julgamento de corrup\u00e7\u00e3o em contrato de R$ 9,4 milh\u00f5es no TCE"},"content":{"rendered":"<p>O juiz Marcelo Ivo de Oliveira fez adequa\u00e7\u00f5es na a\u00e7\u00e3o por improbidade administrativa no contrato de inform\u00e1tica de R$ 9,4 milh\u00f5es firmado entre o Tribunal de Contas do Estado e a Pir\u00e2mide Inform\u00e1tica. Ap\u00f3s cinco anos de tramita\u00e7\u00e3o, o magistrado determinou a indica\u00e7\u00e3o de testemunhas para a realiza\u00e7\u00e3o das audi\u00eancias de instru\u00e7\u00e3o e julgamento.<\/p>\n<p>A a\u00e7\u00e3o tem como r\u00e9us quatro empres\u00e1rios e dois servidores p\u00fablicos. O esc\u00e2ndalo veio \u00e0 tona com a Opera\u00e7\u00e3o Antiv\u00edrus, que colocou a c\u00fapula do Detran-MS atr\u00e1s das grades em 2017. Na ocasi\u00e3o, o atual presidente da Assembleia Legislativa, deputado Gerson Claro (PP), foi preso e acusado de comandar o suposto esquema milion\u00e1rio de corrup\u00e7\u00e3o.<\/p>\n<p>Ao investigar o Departamento Estadual de Tr\u00e2nsito, o Minist\u00e9rio P\u00fablico Estadual descobriu os crimes de corrup\u00e7\u00e3o, tr\u00e1fico de influ\u00eancia e advocacia administrativa no TCE-MS. Mesmo sem experi\u00eancia na \u00e1rea, a Pir\u00e2mide Central Inform\u00e1tica foi contratada pela corte fiscal por R$ 9,416 milh\u00f5es. Por oito anos, entre 2008 e 2016, a empresa ostentava capital social de apenas R$ 5 mil.<\/p>\n<p>A empresa de Jos\u00e9 do Patroc\u00ednio Filho elevou o patrim\u00f4nio social de R$ 5 mil para R$ 500 mil e passou a ganhar concorr\u00eancias milion\u00e1rias, com o TCE e o Detran.<\/p>\n<p>A a\u00e7\u00e3o de improbidade administrativa teve in\u00edcio em fevereiro de 2019, sendo que a den\u00fancia foi aceita em fevereiro do ano seguinte pela 2\u00aa Vara de Direitos Difusos, Coletivos e Individuais Homog\u00eaneos de Campo Grande.<\/p>\n<p>No entanto, o processo teve de passar por altera\u00e7\u00f5es devido \u00e0s mudan\u00e7as na Lei de Improbidade Administrativa, sancionada pelo ex-presidente Jair Bolsonaro (PL), em 2021. Agora existe uma lista que indica \u201cexpressa e taxativamente\u201d quais s\u00e3o as condutas tidas como atos de improbidade.<\/p>\n<p>Nesta a\u00e7\u00e3o, restaram as condutas por suposto enriquecimento il\u00edcito dos acusados e preju\u00edzo aos cofres p\u00fablicos.<\/p>\n<p>\u201cAssim, no presente caso, tendo o Minist\u00e9rio P\u00fablico Estadual individualizado a conduta de cada um dos requeridos e indicado, em princ\u00edpio, a exist\u00eancia de ind\u00edcios suficientes de dolo em suas condutas, vislumbra-se que eles teriam praticado, em tese, atos de improbidade administrativa que importa em enriquecimento il\u00edcito (art. 9,caput) e atos de improbidade administrativa que causam preju\u00edzo ao er\u00e1rio (art. 10,caput e inciso XII)\u201d, definiu o juiz Marcelo Ivo de Oliveira, em despacho do dia 2 de maio.<\/p>\n<p>\u00c0 Justi\u00e7a, os acusados alegaram que o MPE n\u00e3o provou a acusa\u00e7\u00e3o de que houve improbidade administrativa nem fraude na licita\u00e7\u00e3o.<\/p>\n<p>Os r\u00e9us Anderson da Silva Campos, Fernando Roger Daga, Jos\u00e9 do Patroc\u00ednio Filho, Jos\u00e9 S\u00e9rgio de Paiva Junior, Luiz Alberto de Oliveira Azevedo, Parajara Moraes Alves J\u00fanior e Pir\u00e2mide Central Inform\u00e1tica j\u00e1 apresentaram as testemunhas de suas defesas.<\/p>\n<p>No entanto, eles devem apresentar os endere\u00e7os atualizados dos indicados para a notifica\u00e7\u00e3o das testemunhas e o Minist\u00e9rio P\u00fablico Estadual dever\u00e1 apresentar os que far\u00e3o parte da acusa\u00e7\u00e3o. Todos t\u00eam o prazo de 15 dias para cumprir a determina\u00e7\u00e3o, conforme publicado no Di\u00e1rio Oficial de Justi\u00e7a de ter\u00e7a-feira, 7 de maio.<\/p>\n<p>&nbsp;<\/p>\n<pre>Com\u00a0 O Jacar\u00e9<\/pre>\n","protected":false},"excerpt":{"rendered":"<p>O juiz Marcelo Ivo de Oliveira fez adequa\u00e7\u00f5es na a\u00e7\u00e3o por improbidade administrativa no contrato de inform\u00e1tica de R$ 9,4 milh\u00f5es firmado entre o Tribunal de Contas do Estado e a Pir\u00e2mide Inform\u00e1tica. Ap\u00f3s cinco anos de tramita\u00e7\u00e3o, o magistrado determinou a indica\u00e7\u00e3o de testemunhas para a realiza\u00e7\u00e3o das audi\u00eancias de instru\u00e7\u00e3o e julgamento. A [&hellip;]<\/p>\n","protected":false},"author":3,"featured_media":27069,"comment_status":"open","ping_status":"open","sticky":false,"template":"","format":"standard","meta":{"om_disable_all_campaigns":false,"_monsterinsights_skip_tracking":false,"_monsterinsights_sitenote_active":false,"_monsterinsights_sitenote_note":"","_monsterinsights_sitenote_category":0,"footnotes":""},"categories":[30,37,42],"tags":[],"aioseo_notices":[],"_links":{"self":[{"href":"https:\/\/expressaoms.com.br\/index.php\/wp-json\/wp\/v2\/posts\/27068"}],"collection":[{"href":"https:\/\/expressaoms.com.br\/index.php\/wp-json\/wp\/v2\/posts"}],"about":[{"href":"https:\/\/expressaoms.com.br\/index.php\/wp-json\/wp\/v2\/types\/post"}],"author":[{"embeddable":true,"href":"https:\/\/expressaoms.com.br\/index.php\/wp-json\/wp\/v2\/users\/3"}],"replies":[{"embeddable":true,"href":"https:\/\/expressaoms.com.br\/index.php\/wp-json\/wp\/v2\/comments?post=27068"}],"version-history":[{"count":1,"href":"https:\/\/expressaoms.com.br\/index.php\/wp-json\/wp\/v2\/posts\/27068\/revisions"}],"predecessor-version":[{"id":27070,"href":"https:\/\/expressaoms.com.br\/index.php\/wp-json\/wp\/v2\/posts\/27068\/revisions\/27070"}],"wp:featuredmedia":[{"embeddable":true,"href":"https:\/\/expressaoms.com.br\/index.php\/wp-json\/wp\/v2\/media\/27069"}],"wp:attachment":[{"href":"https:\/\/expressaoms.com.br\/index.php\/wp-json\/wp\/v2\/media?parent=27068"}],"wp:term":[{"taxonomy":"category","embeddable":true,"href":"https:\/\/expressaoms.com.br\/index.php\/wp-json\/wp\/v2\/categories?post=27068"},{"taxonomy":"post_tag","embeddable":true,"href":"https:\/\/expressaoms.com.br\/index.php\/wp-json\/wp\/v2\/tags?post=27068"}],"curies":[{"name":"wp","href":"https:\/\/api.w.org\/{rel}","templated":true}]}}