{"id":27071,"date":"2024-05-17T13:56:19","date_gmt":"2024-05-17T16:56:19","guid":{"rendered":"https:\/\/expressaoms.com.br\/?p=27071"},"modified":"2024-05-17T13:56:19","modified_gmt":"2024-05-17T16:56:19","slug":"seminario-vai-discutir-acao-climatica-e-turismo-sustentavel-em-mato-grosso-do-sul","status":"publish","type":"post","link":"https:\/\/expressaoms.com.br\/index.php\/2024\/05\/17\/seminario-vai-discutir-acao-climatica-e-turismo-sustentavel-em-mato-grosso-do-sul\/","title":{"rendered":"Semin\u00e1rio vai discutir a\u00e7\u00e3o clim\u00e1tica e turismo sustent\u00e1vel em Mato Grosso do Sul"},"content":{"rendered":"<p>Celeiro do turismo sustent\u00e1vel no mundo, Mato Grosso do Sul sedia a segunda edi\u00e7\u00e3o do semin\u00e1rio que discute a a\u00e7\u00e3o clim\u00e1tica no setor tur\u00edstico e as perspectivas de financiamento \u00e0s empresas que buscam reduzir e neutralizar a emiss\u00e3o de carbono. O evento vai ocorrer na pr\u00f3xima segunda-feira (20), no Centro de Conven\u00e7\u00f5es Rubens Gil de Camillo.<\/p>\n<p>O evento \u00e9 promovido pelo Governo do Estado, por meio da Semadesc (Secretaria de Meio Ambiente, Desenvolvimento, Ci\u00eancia, Tecnologia e Inova\u00e7\u00e3o) e Fundtur (Funda\u00e7\u00e3o de Turismo de MS), em parceria com a Green Initiative. Ele ser\u00e1 h\u00edbrido, com palestras presenciais e virtuais de diferentes locais do mundo, como Espanha e Chile.<\/p>\n<p>As atividades come\u00e7am a partir das 9h, com programa\u00e7\u00e3o at\u00e9 \u00e0s 17h, no audit\u00f3rio Germano Barros de Souza. Durante todo o dia ser\u00e3o discutidas iniciativas de coopera\u00e7\u00e3o t\u00e9cnica, al\u00e9m de financiamento nacional e internacional para impulsionar a agenda clim\u00e1tica no turismo.<\/p>\n<p>Ser\u00e3o apresentadas a\u00e7\u00f5es que podem auxiliar na jornada para destinos e empresas tur\u00edsticas que v\u00e3o contribuir com a \u201cdescarboniza\u00e7\u00e3o\u201d do setor, que significa reduzir a emiss\u00e3o de gases causadores do efeito estufa. Mato Grosso do Sul inclusive tem a pol\u00edtica do Estado Carbono Neutro at\u00e9 2023.<\/p>\n<p>V\u00e3o participar representantes da ONU Turismo, Minist\u00e9rio do Turismo, Embratur (Ag\u00eancia Brasileira de Promo\u00e7\u00e3o Internacional do Turismo), Banco do Brasil, BNDES e BID. \u00a0O evento tem como p\u00fablico alvo lideran\u00e7as estaduais e municipais, universidades, associa\u00e7\u00f5es, trade tur\u00edstico e p\u00fablico em geral.<\/p>\n<p>De acordo com a organiza\u00e7\u00e3o do semin\u00e1rio, o objetivo \u00e9 sensibilizar e apresentar iniciativas que possam ajudar na jornada sustent\u00e1vel do turismo.<\/p>\n<p><strong>Data:<\/strong>\u00a020 de maio<br \/>\n<strong>Hor\u00e1rio:<\/strong>\u00a09 horas<br \/>\n<strong>Local:<\/strong>\u00a0Centro de Conven\u00e7\u00f5es Rubens Gil de Camillo<br \/>\n<strong>Aten\u00e7\u00e3o imprensa:<\/strong>\u00a0O diretor-presidente da Fundtur, Bruno Wendling, e o secret\u00e1rio executivo de Meio Ambiente, Artur Falcette, v\u00e3o fazer o atendimento \u00e0 imprensa \u00e0s 8h30, antes de come\u00e7ar o evento.<\/p>\n","protected":false},"excerpt":{"rendered":"<p>Celeiro do turismo sustent\u00e1vel no mundo, Mato Grosso do Sul sedia a segunda edi\u00e7\u00e3o do semin\u00e1rio que discute a a\u00e7\u00e3o clim\u00e1tica no setor tur\u00edstico e as perspectivas de financiamento \u00e0s empresas que buscam reduzir e neutralizar a emiss\u00e3o de carbono. O evento vai ocorrer na pr\u00f3xima segunda-feira (20), no Centro de Conven\u00e7\u00f5es Rubens Gil de [&hellip;]<\/p>\n","protected":false},"author":3,"featured_media":27089,"comment_status":"open","ping_status":"open","sticky":false,"template":"","format":"standard","meta":{"om_disable_all_campaigns":false,"_monsterinsights_skip_tracking":false,"_monsterinsights_sitenote_active":false,"_monsterinsights_sitenote_note":"","_monsterinsights_sitenote_category":0,"footnotes":""},"categories":[36,266],"tags":[],"aioseo_notices":[],"_links":{"self":[{"href":"https:\/\/expressaoms.com.br\/index.php\/wp-json\/wp\/v2\/posts\/27071"}],"collection":[{"href":"https:\/\/expressaoms.com.br\/index.php\/wp-json\/wp\/v2\/posts"}],"about":[{"href":"https:\/\/expressaoms.com.br\/index.php\/wp-json\/wp\/v2\/types\/post"}],"author":[{"embeddable":true,"href":"https:\/\/expressaoms.com.br\/index.php\/wp-json\/wp\/v2\/users\/3"}],"replies":[{"embeddable":true,"href":"https:\/\/expressaoms.com.br\/index.php\/wp-json\/wp\/v2\/comments?post=27071"}],"version-history":[{"count":1,"href":"https:\/\/expressaoms.com.br\/index.php\/wp-json\/wp\/v2\/posts\/27071\/revisions"}],"predecessor-version":[{"id":27090,"href":"https:\/\/expressaoms.com.br\/index.php\/wp-json\/wp\/v2\/posts\/27071\/revisions\/27090"}],"wp:featuredmedia":[{"embeddable":true,"href":"https:\/\/expressaoms.com.br\/index.php\/wp-json\/wp\/v2\/media\/27089"}],"wp:attachment":[{"href":"https:\/\/expressaoms.com.br\/index.php\/wp-json\/wp\/v2\/media?parent=27071"}],"wp:term":[{"taxonomy":"category","embeddable":true,"href":"https:\/\/expressaoms.com.br\/index.php\/wp-json\/wp\/v2\/categories?post=27071"},{"taxonomy":"post_tag","embeddable":true,"href":"https:\/\/expressaoms.com.br\/index.php\/wp-json\/wp\/v2\/tags?post=27071"}],"curies":[{"name":"wp","href":"https:\/\/api.w.org\/{rel}","templated":true}]}}