{"id":27077,"date":"2024-05-17T12:29:27","date_gmt":"2024-05-17T15:29:27","guid":{"rendered":"https:\/\/expressaoms.com.br\/?p=27077"},"modified":"2024-05-17T12:29:27","modified_gmt":"2024-05-17T15:29:27","slug":"vida-na-praca-acontece-neste-sabado-18-no-bairro-jardim-dos-ipes","status":"publish","type":"post","link":"https:\/\/expressaoms.com.br\/index.php\/2024\/05\/17\/vida-na-praca-acontece-neste-sabado-18-no-bairro-jardim-dos-ipes\/","title":{"rendered":"VIDA NA PRA\u00c7A \u2013 acontece neste s\u00e1bado (18) no Bairro Jardim dos Ip\u00eas"},"content":{"rendered":"<p data-raofz=\"16\">O projeto \u201cVida na Pra\u00e7a\u201d estar\u00e1 neste s\u00e1bado, 18 de maio, no bairro Jardim dos Ip\u00eas, proporcionando lazer com atividades esportivas, culturais, feira de artesanato e pra\u00e7a de alimenta\u00e7\u00e3o.<\/p>\n<p data-raofz=\"16\">O projeto contar\u00e1 com a atra\u00e7\u00e3o musical dos Primos do Pagode, com in\u00edcio \u00e0s 16h. A a\u00e7\u00e3o tem o objetivo de promover projetos culturais e fomentar competi\u00e7\u00f5es esportivas, valorizando e incentivando o uso das pra\u00e7as p\u00fablicas da cidade.<\/p>\n<p data-raofz=\"16\">O evento \u00e9 realizado pela Prefeitura de Tr\u00eas Lagoas, por meio das Secretarias Municipais de Esporte, Juventude e Lazer (SEJUVEL), Desenvolvimento Econ\u00f4mico (SEDECT) e Diretoria de Cultura da Secretaria de Educa\u00e7\u00e3o e Cultura (SEMEC).<\/p>\n","protected":false},"excerpt":{"rendered":"<p>O projeto \u201cVida na Pra\u00e7a\u201d estar\u00e1 neste s\u00e1bado, 18 de maio, no bairro Jardim dos Ip\u00eas, proporcionando lazer com atividades esportivas, culturais, feira de artesanato e pra\u00e7a de alimenta\u00e7\u00e3o. O projeto contar\u00e1 com a atra\u00e7\u00e3o musical dos Primos do Pagode, com in\u00edcio \u00e0s 16h. A a\u00e7\u00e3o tem o objetivo de promover projetos culturais e fomentar [&hellip;]<\/p>\n","protected":false},"author":2,"featured_media":27078,"comment_status":"open","ping_status":"open","sticky":false,"template":"","format":"standard","meta":{"om_disable_all_campaigns":false,"_monsterinsights_skip_tracking":false,"_monsterinsights_sitenote_active":false,"_monsterinsights_sitenote_note":"","_monsterinsights_sitenote_category":0,"footnotes":""},"categories":[35,36,48],"tags":[],"aioseo_notices":[],"_links":{"self":[{"href":"https:\/\/expressaoms.com.br\/index.php\/wp-json\/wp\/v2\/posts\/27077"}],"collection":[{"href":"https:\/\/expressaoms.com.br\/index.php\/wp-json\/wp\/v2\/posts"}],"about":[{"href":"https:\/\/expressaoms.com.br\/index.php\/wp-json\/wp\/v2\/types\/post"}],"author":[{"embeddable":true,"href":"https:\/\/expressaoms.com.br\/index.php\/wp-json\/wp\/v2\/users\/2"}],"replies":[{"embeddable":true,"href":"https:\/\/expressaoms.com.br\/index.php\/wp-json\/wp\/v2\/comments?post=27077"}],"version-history":[{"count":1,"href":"https:\/\/expressaoms.com.br\/index.php\/wp-json\/wp\/v2\/posts\/27077\/revisions"}],"predecessor-version":[{"id":27079,"href":"https:\/\/expressaoms.com.br\/index.php\/wp-json\/wp\/v2\/posts\/27077\/revisions\/27079"}],"wp:featuredmedia":[{"embeddable":true,"href":"https:\/\/expressaoms.com.br\/index.php\/wp-json\/wp\/v2\/media\/27078"}],"wp:attachment":[{"href":"https:\/\/expressaoms.com.br\/index.php\/wp-json\/wp\/v2\/media?parent=27077"}],"wp:term":[{"taxonomy":"category","embeddable":true,"href":"https:\/\/expressaoms.com.br\/index.php\/wp-json\/wp\/v2\/categories?post=27077"},{"taxonomy":"post_tag","embeddable":true,"href":"https:\/\/expressaoms.com.br\/index.php\/wp-json\/wp\/v2\/tags?post=27077"}],"curies":[{"name":"wp","href":"https:\/\/api.w.org\/{rel}","templated":true}]}}