{"id":27080,"date":"2024-05-17T12:30:21","date_gmt":"2024-05-17T15:30:21","guid":{"rendered":"https:\/\/expressaoms.com.br\/?p=27080"},"modified":"2024-05-17T12:30:21","modified_gmt":"2024-05-17T15:30:21","slug":"tardezinha-balneario-com-praca-de-alimentacao-e-varios-shows-sera-no-domingo-19","status":"publish","type":"post","link":"https:\/\/expressaoms.com.br\/index.php\/2024\/05\/17\/tardezinha-balneario-com-praca-de-alimentacao-e-varios-shows-sera-no-domingo-19\/","title":{"rendered":"TARDEZINHA BALNE\u00c1RIO \u2013 com pra\u00e7a de alimenta\u00e7\u00e3o e v\u00e1rios shows ser\u00e1 no domingo (19)"},"content":{"rendered":"<p data-raofz=\"16\">Neste domingo, 19 de maio, acontecer\u00e1 o retorno do \u201cTardezinha no Balne\u00e1rio\u201d, um evento gratuito organizado pela Prefeitura de Tr\u00eas Lagoas, por meio da Secretaria Municipal de Desenvolvimento Econ\u00f4mico, Ci\u00eancia, Tecnologia e Turismo (SEDECT) e da Secretaria Municipal de Educa\u00e7\u00e3o e Cultura (SEMEC). O evento ser\u00e1 realizado no Balne\u00e1rio Municipal \u201cMiguel Jorge Tabox\u201d, a partir das 14h.<\/p>\n<p data-raofz=\"16\">A programa\u00e7\u00e3o desta semana inclui apresenta\u00e7\u00f5es de Alba Lessa e banda, Grupo Karaka e Grupo do Month, que animar\u00e3o a tarde com MPB, samba e pagode a partir das 15h. Ser\u00e1 um domingo repleto de divers\u00e3o para quem deseja curtir e aproveitar \u00e0 beira do Rio Sucuri\u00fa.<\/p>\n<p data-raofz=\"16\">Al\u00e9m da excelente m\u00fasica, a Tardezinha oferecer\u00e1 uma pra\u00e7a de alimenta\u00e7\u00e3o com diversos food trucks, incluindo Andr\u00e9a Pastel\u00e3o, Chopp do Krokitos, Fusca A\u00e7a\u00ed da Hora, Bentinho Churros, Espetinho do L\u00e9o, Via Malte e Silvia Pipoqueira.<\/p>\n","protected":false},"excerpt":{"rendered":"<p>Neste domingo, 19 de maio, acontecer\u00e1 o retorno do \u201cTardezinha no Balne\u00e1rio\u201d, um evento gratuito organizado pela Prefeitura de Tr\u00eas Lagoas, por meio da Secretaria Municipal de Desenvolvimento Econ\u00f4mico, Ci\u00eancia, Tecnologia e Turismo (SEDECT) e da Secretaria Municipal de Educa\u00e7\u00e3o e Cultura (SEMEC). O evento ser\u00e1 realizado no Balne\u00e1rio Municipal \u201cMiguel Jorge Tabox\u201d, a partir [&hellip;]<\/p>\n","protected":false},"author":2,"featured_media":27082,"comment_status":"open","ping_status":"open","sticky":false,"template":"","format":"standard","meta":{"om_disable_all_campaigns":false,"_monsterinsights_skip_tracking":false,"_monsterinsights_sitenote_active":false,"_monsterinsights_sitenote_note":"","_monsterinsights_sitenote_category":0,"footnotes":""},"categories":[35,36,48],"tags":[],"aioseo_notices":[],"_links":{"self":[{"href":"https:\/\/expressaoms.com.br\/index.php\/wp-json\/wp\/v2\/posts\/27080"}],"collection":[{"href":"https:\/\/expressaoms.com.br\/index.php\/wp-json\/wp\/v2\/posts"}],"about":[{"href":"https:\/\/expressaoms.com.br\/index.php\/wp-json\/wp\/v2\/types\/post"}],"author":[{"embeddable":true,"href":"https:\/\/expressaoms.com.br\/index.php\/wp-json\/wp\/v2\/users\/2"}],"replies":[{"embeddable":true,"href":"https:\/\/expressaoms.com.br\/index.php\/wp-json\/wp\/v2\/comments?post=27080"}],"version-history":[{"count":1,"href":"https:\/\/expressaoms.com.br\/index.php\/wp-json\/wp\/v2\/posts\/27080\/revisions"}],"predecessor-version":[{"id":27083,"href":"https:\/\/expressaoms.com.br\/index.php\/wp-json\/wp\/v2\/posts\/27080\/revisions\/27083"}],"wp:featuredmedia":[{"embeddable":true,"href":"https:\/\/expressaoms.com.br\/index.php\/wp-json\/wp\/v2\/media\/27082"}],"wp:attachment":[{"href":"https:\/\/expressaoms.com.br\/index.php\/wp-json\/wp\/v2\/media?parent=27080"}],"wp:term":[{"taxonomy":"category","embeddable":true,"href":"https:\/\/expressaoms.com.br\/index.php\/wp-json\/wp\/v2\/categories?post=27080"},{"taxonomy":"post_tag","embeddable":true,"href":"https:\/\/expressaoms.com.br\/index.php\/wp-json\/wp\/v2\/tags?post=27080"}],"curies":[{"name":"wp","href":"https:\/\/api.w.org\/{rel}","templated":true}]}}