{"id":27134,"date":"2024-05-20T20:06:10","date_gmt":"2024-05-20T23:06:10","guid":{"rendered":"https:\/\/expressaoms.com.br\/?p=27134"},"modified":"2024-05-20T20:06:10","modified_gmt":"2024-05-20T23:06:10","slug":"todas-as-criancas-de-1-a-4-anos-deverao-receber-a-gotinha-contra-a-poliomielite-a-partir-de-27-de-maio","status":"publish","type":"post","link":"https:\/\/expressaoms.com.br\/index.php\/2024\/05\/20\/todas-as-criancas-de-1-a-4-anos-deverao-receber-a-gotinha-contra-a-poliomielite-a-partir-de-27-de-maio\/","title":{"rendered":"Todas as crian\u00e7as de 1 a 4 anos dever\u00e3o receber a gotinha contra a Poliomielite a partir de 27 de maio"},"content":{"rendered":"<p data-raofz=\"16\">De 27 de maio a 14 de junho, a Secretaria Municipal de Sa\u00fade (SMS) de Tr\u00eas Lagoas, em parceria com o Rotary Club e a Secretaria Municipal de Educa\u00e7\u00e3o e Cultura (SEMEC), promover\u00e1 a Campanha de Vacina\u00e7\u00e3o contra a Poliomielite. Este movimento nacional visa vacinar todas as crian\u00e7as de 1 a 4 anos, mesmo aquelas que j\u00e1 est\u00e3o com a vacina\u00e7\u00e3o em dia.<\/p>\n<p data-raofz=\"16\">A raz\u00e3o para a vacina\u00e7\u00e3o indiscriminada de todas as crian\u00e7as nesta faixa et\u00e1ria \u00e9 o risco de retorno da doen\u00e7a no Brasil, devido aos baixos \u00edndices de imuniza\u00e7\u00e3o nos \u00faltimos anos em todo o territ\u00f3rio nacional. A meta \u00e9 alcan\u00e7ar 95% do p\u00fablico-alvo, composto por 7.351 crian\u00e7as tr\u00eas-lagoenses, utilizando a dose em gota (via oral).<\/p>\n<p data-raofz=\"16\">De acordo com a Coordena\u00e7\u00e3o Municipal de Imuniza\u00e7\u00e3o, a vacina estar\u00e1 dispon\u00edvel em todas as unidades de sa\u00fade, de segunda a sexta-feira, das 7h30 \u00e0s 17h30. Al\u00e9m disso, mutir\u00f5es de vacina\u00e7\u00e3o ser\u00e3o realizados nas escolas e Centros de Educa\u00e7\u00e3o Infantil (CEIs), mediante autoriza\u00e7\u00e3o por escrito dos pais e respons\u00e1veis pela crian\u00e7a.<\/p>\n<p data-raofz=\"16\"><strong>IMPORTANTE SABER<\/strong><\/p>\n<p data-raofz=\"16\">Mesmo aquelas crian\u00e7as que est\u00e3o com a caderneta de vacina\u00e7\u00e3o em dia, ou seja, todas as doses estabelecidas para a sua faixa et\u00e1ria, ela deve receber essa dose em forma de gotinha, garantindo assim um refor\u00e7o na imuniza\u00e7\u00e3o. Al\u00e9m disso, as crian\u00e7as que ainda n\u00e3o se imunizaram com as doses de rotina e tomarem essa gotinha, n\u00e3o est\u00e3o isentas de receber as demais doses estabelecidas pelo calend\u00e1rio nacional, pois essa dose (via oral) \u00e9 um refor\u00e7o excepcional, devido ao risco de retorno da doen\u00e7a.<\/p>\n<p data-raofz=\"16\"><strong>RISCO DE RETORNO<\/strong><\/p>\n<p data-raofz=\"16\">O \u00faltimo caso de poliomielite no Brasil ocorreu em 1989, e em 1994 o Pa\u00eds recebeu a certifica\u00e7\u00e3o de \u00e1rea livre de circula\u00e7\u00e3o do poliov\u00edrus selvagem. No entanto, em 2023 o pa\u00eds foi classificado como de alto risco para a reintrodu\u00e7\u00e3o do poliov\u00edrus pela Comiss\u00e3o Regional para a Certifica\u00e7\u00e3o da Erradica\u00e7\u00e3o da Poliomielite na Regi\u00e3o das Am\u00e9ricas (RCC).<\/p>\n<p data-raofz=\"16\"><strong>COBERTURAS TL<\/strong><\/p>\n<p data-raofz=\"16\">Apesar da baixa cobertura em muitos munic\u00edpios, em Tr\u00eas Lagoas as a\u00e7\u00f5es de imuniza\u00e7\u00e3o foram eficazes, sendo que em 2023, conforme dados da SMS, ano em que a vacina\u00e7\u00e3o para o grupo de crian\u00e7as at\u00e9 1 ano de idade, a cobertura contra Poliomielite foi de 93,89% e at\u00e9 4 anos de idade, 92,06%. J\u00e1 neste ano, at\u00e9 o momento, 95,70% das crian\u00e7as at\u00e9 1 ano foram imunizadas e at\u00e9 4, 92,32% j\u00e1 receberam a dose.<\/p>\n<p data-raofz=\"16\"><strong>LEMBRANDO QUE<\/strong> mesmo crian\u00e7as que j\u00e1 receberam as doses contra a doen\u00e7a devem procurar uma unidade de sa\u00fade ou ser imunizada no ambiente escolar com a gotinha de refor\u00e7o da Campanha 2024.<\/p>\n","protected":false},"excerpt":{"rendered":"<p>De 27 de maio a 14 de junho, a Secretaria Municipal de Sa\u00fade (SMS) de Tr\u00eas Lagoas, em parceria com o Rotary Club e a Secretaria Municipal de Educa\u00e7\u00e3o e Cultura (SEMEC), promover\u00e1 a Campanha de Vacina\u00e7\u00e3o contra a Poliomielite. Este movimento nacional visa vacinar todas as crian\u00e7as de 1 a 4 anos, mesmo aquelas [&hellip;]<\/p>\n","protected":false},"author":2,"featured_media":27135,"comment_status":"open","ping_status":"open","sticky":false,"template":"","format":"standard","meta":{"om_disable_all_campaigns":false,"_monsterinsights_skip_tracking":false,"_monsterinsights_sitenote_active":false,"_monsterinsights_sitenote_note":"","_monsterinsights_sitenote_category":0,"footnotes":""},"categories":[36,44,48],"tags":[],"aioseo_notices":[],"_links":{"self":[{"href":"https:\/\/expressaoms.com.br\/index.php\/wp-json\/wp\/v2\/posts\/27134"}],"collection":[{"href":"https:\/\/expressaoms.com.br\/index.php\/wp-json\/wp\/v2\/posts"}],"about":[{"href":"https:\/\/expressaoms.com.br\/index.php\/wp-json\/wp\/v2\/types\/post"}],"author":[{"embeddable":true,"href":"https:\/\/expressaoms.com.br\/index.php\/wp-json\/wp\/v2\/users\/2"}],"replies":[{"embeddable":true,"href":"https:\/\/expressaoms.com.br\/index.php\/wp-json\/wp\/v2\/comments?post=27134"}],"version-history":[{"count":1,"href":"https:\/\/expressaoms.com.br\/index.php\/wp-json\/wp\/v2\/posts\/27134\/revisions"}],"predecessor-version":[{"id":27136,"href":"https:\/\/expressaoms.com.br\/index.php\/wp-json\/wp\/v2\/posts\/27134\/revisions\/27136"}],"wp:featuredmedia":[{"embeddable":true,"href":"https:\/\/expressaoms.com.br\/index.php\/wp-json\/wp\/v2\/media\/27135"}],"wp:attachment":[{"href":"https:\/\/expressaoms.com.br\/index.php\/wp-json\/wp\/v2\/media?parent=27134"}],"wp:term":[{"taxonomy":"category","embeddable":true,"href":"https:\/\/expressaoms.com.br\/index.php\/wp-json\/wp\/v2\/categories?post=27134"},{"taxonomy":"post_tag","embeddable":true,"href":"https:\/\/expressaoms.com.br\/index.php\/wp-json\/wp\/v2\/tags?post=27134"}],"curies":[{"name":"wp","href":"https:\/\/api.w.org\/{rel}","templated":true}]}}