{"id":27137,"date":"2024-05-20T20:06:51","date_gmt":"2024-05-20T23:06:51","guid":{"rendered":"https:\/\/expressaoms.com.br\/?p=27137"},"modified":"2024-05-20T20:06:51","modified_gmt":"2024-05-20T23:06:51","slug":"curso-de-fotografia-com-smartphone-esta-com-vagas-abertas-ate-o-dia-24-2","status":"publish","type":"post","link":"https:\/\/expressaoms.com.br\/index.php\/2024\/05\/20\/curso-de-fotografia-com-smartphone-esta-com-vagas-abertas-ate-o-dia-24-2\/","title":{"rendered":"Curso de Fotografia com smartphone est\u00e1 com vagas abertas at\u00e9 o dia 24"},"content":{"rendered":"<p data-raofz=\"16\">A Secretaria Municipal de Educa\u00e7\u00e3o e Cultura (SEMEC), por meio da Diretoria Municipal de Cultura, abre as inscri\u00e7\u00f5es para o curso de fotografia com smartphone. Uma oportunidade imperd\u00edvel para quem deseja explorar os recursos de sua c\u00e2mera m\u00f3vel e aprimorar suas habilidades fotogr\u00e1ficas.<\/p>\n<p data-raofz=\"16\">As matr\u00edculas estar\u00e3o dispon\u00edveis no per\u00edodo de 20 a 24 de maio, e as vagas s\u00e3o limitadas. O curso \u00e9 destinado a interessados com idade m\u00ednima de 14 anos, sendo necess\u00e1rio possuir um smartphone para participar das atividades pr\u00e1ticas.<\/p>\n<p data-raofz=\"16\">O objetivo do curso \u00e9 ensinar aos participantes as t\u00e9cnicas essenciais da fotografia, explorando as capacidades dos smartphones modernos. Al\u00e9m disso, ser\u00e3o abordados diversos aplicativos voltados para a edi\u00e7\u00e3o e aprimoramento das fotografias capturadas por meio desses dispositivos.<\/p>\n<p data-raofz=\"16\">As aulas envolver\u00e3o tanto aspectos te\u00f3ricos quanto pr\u00e1ticos, permitindo que os alunos coloquem em pr\u00e1tica os conhecimentos adquiridos ao longo do curso. A carga hor\u00e1ria e a din\u00e2mica das aulas foram cuidadosamente planejadas para proporcionar uma experi\u00eancia enriquecedora a todos os participantes.<\/p>\n<p data-raofz=\"16\">INSCRI\u00c7\u00d5ES<\/p>\n<p data-raofz=\"16\">Para realizar a inscri\u00e7\u00e3o, \u00e9 necess\u00e1rio comparecer \u00e0 sede da Diretoria de Cultura, localizada na Avenida Rosario Congro, n\u00ba 560, centro \u2013 antiga Esta\u00e7\u00e3o Ferrovi\u00e1ria. O hor\u00e1rio de atendimento para as inscri\u00e7\u00f5es \u00e9 das 07h \u00e0s 11h e das 13h \u00e0s 17h.<\/p>\n<p data-raofz=\"16\">Caso haja d\u00favidas ou necessidade de mais informa\u00e7\u00f5es, a equipe da Diretoria de Cultura est\u00e1 dispon\u00edvel para atender pelo telefone (67) 98139-3524.<\/p>\n","protected":false},"excerpt":{"rendered":"<p>A Secretaria Municipal de Educa\u00e7\u00e3o e Cultura (SEMEC), por meio da Diretoria Municipal de Cultura, abre as inscri\u00e7\u00f5es para o curso de fotografia com smartphone. Uma oportunidade imperd\u00edvel para quem deseja explorar os recursos de sua c\u00e2mera m\u00f3vel e aprimorar suas habilidades fotogr\u00e1ficas. As matr\u00edculas estar\u00e3o dispon\u00edveis no per\u00edodo de 20 a 24 de maio, [&hellip;]<\/p>\n","protected":false},"author":2,"featured_media":27138,"comment_status":"open","ping_status":"open","sticky":false,"template":"","format":"standard","meta":{"om_disable_all_campaigns":false,"_monsterinsights_skip_tracking":false,"_monsterinsights_sitenote_active":false,"_monsterinsights_sitenote_note":"","_monsterinsights_sitenote_category":0,"footnotes":""},"categories":[36,48],"tags":[],"aioseo_notices":[],"_links":{"self":[{"href":"https:\/\/expressaoms.com.br\/index.php\/wp-json\/wp\/v2\/posts\/27137"}],"collection":[{"href":"https:\/\/expressaoms.com.br\/index.php\/wp-json\/wp\/v2\/posts"}],"about":[{"href":"https:\/\/expressaoms.com.br\/index.php\/wp-json\/wp\/v2\/types\/post"}],"author":[{"embeddable":true,"href":"https:\/\/expressaoms.com.br\/index.php\/wp-json\/wp\/v2\/users\/2"}],"replies":[{"embeddable":true,"href":"https:\/\/expressaoms.com.br\/index.php\/wp-json\/wp\/v2\/comments?post=27137"}],"version-history":[{"count":1,"href":"https:\/\/expressaoms.com.br\/index.php\/wp-json\/wp\/v2\/posts\/27137\/revisions"}],"predecessor-version":[{"id":27139,"href":"https:\/\/expressaoms.com.br\/index.php\/wp-json\/wp\/v2\/posts\/27137\/revisions\/27139"}],"wp:featuredmedia":[{"embeddable":true,"href":"https:\/\/expressaoms.com.br\/index.php\/wp-json\/wp\/v2\/media\/27138"}],"wp:attachment":[{"href":"https:\/\/expressaoms.com.br\/index.php\/wp-json\/wp\/v2\/media?parent=27137"}],"wp:term":[{"taxonomy":"category","embeddable":true,"href":"https:\/\/expressaoms.com.br\/index.php\/wp-json\/wp\/v2\/categories?post=27137"},{"taxonomy":"post_tag","embeddable":true,"href":"https:\/\/expressaoms.com.br\/index.php\/wp-json\/wp\/v2\/tags?post=27137"}],"curies":[{"name":"wp","href":"https:\/\/api.w.org\/{rel}","templated":true}]}}