{"id":27184,"date":"2024-05-23T10:07:58","date_gmt":"2024-05-23T13:07:58","guid":{"rendered":"https:\/\/expressaoms.com.br\/?p=27184"},"modified":"2024-05-23T10:07:58","modified_gmt":"2024-05-23T13:07:58","slug":"prefeito-guerreiro-e-presidente-da-camara-dr-cassiano-maia-participam-da-25a-marcha-a-brasilia","status":"publish","type":"post","link":"https:\/\/expressaoms.com.br\/index.php\/2024\/05\/23\/prefeito-guerreiro-e-presidente-da-camara-dr-cassiano-maia-participam-da-25a-marcha-a-brasilia\/","title":{"rendered":"Prefeito Guerreiro e Presidente da C\u00e2mara, Dr. Cassiano Maia, participam da 25\u00aa Marcha a Bras\u00edlia"},"content":{"rendered":"<p>O Prefeito de Tr\u00eas Lagoas, Angelo Guerreiro, e o Presidente da C\u00e2mara Municipal, Dr. Cassiano Maia, est\u00e3o participando da 25\u00aa Marcha a Bras\u00edlia em Defesa dos Munic\u00edpios. O evento, promovido pela Confedera\u00e7\u00e3o Nacional dos Munic\u00edpios (CNM), re\u00fane gestores e lideran\u00e7as municipalistas com o objetivo de absorver informa\u00e7\u00f5es e estrat\u00e9gias para acelerar o desenvolvimento municipal.<\/p>\n<p>\u201cA CNM \u00e9 uma institui\u00e7\u00e3o importante a n\u00edvel nacional, trabalhando junto com os gestores municipais, defendendo, fazendo estudos e projetos que s\u00e3o apresentados na C\u00e2mara, no Senado e ao governo federal, visando a melhoria da vida do povo que depende de uma boa gest\u00e3o, principalmente municipal\u201d, destacou o Prefeito Angelo Guerreiro, que al\u00e9m de Cassiano Maia, est\u00e1 acompanhado da vereadora M\u00e1rcia do Amaral, de Brasil\u00e2ndia.<\/p>\n<p>O evento teve sua abertura oficial na ter\u00e7a-feira, 21 de maio, com a presen\u00e7a dos presidentes da C\u00e2mara e do Senado, ministros de Estado e do Presidente da Rep\u00fablica, Luiz In\u00e1cio Lula da Silva, e tem como pauta principal a popula\u00e7\u00e3o desprotegida.<\/p>\n<p>A luta municipalista da CNM, com seus projetos e a\u00e7\u00f5es junto \u00e0 C\u00e2mara Federal, foi enaltecida pelo Presidente da C\u00e2mara, Arthur Lira. O Presidente do Senado, Rodrigo Pacheco, ressaltou a necessidade de uma discuss\u00e3o mais acelerada sobre a reforma da previd\u00eancia.<\/p>\n<p>O Presidente Lula afirmou que o Governo Federal intensificar\u00e1 as a\u00e7\u00f5es visando \u00e0 desonera\u00e7\u00e3o da folha de pagamento, um ponto defendido pela CNM. Ele tamb\u00e9m reconheceu que a maior parte das obriga\u00e7\u00f5es e despesas impacta diretamente os munic\u00edpios, ressaltando a necessidade de revis\u00e3o e amplia\u00e7\u00e3o do repasse de recursos.<\/p>\n<p>O Presidente da C\u00e2mara Municipal de Tr\u00eas Lagoas, Cassiano Maia, tamb\u00e9m destacou a import\u00e2ncia do evento: \u201cFoi muito importante debater diversos assuntos que envolvem toda a gest\u00e3o p\u00fablica de uma cidade, mas, sem d\u00favida, a desonera\u00e7\u00e3o da folha de pagamento, a reforma tribut\u00e1ria e as a\u00e7\u00f5es preventivas para desastres naturais pelas modifica\u00e7\u00f5es clim\u00e1ticas foram os grandes temas que nortearam esse grande evento.\u201d<\/p>\n","protected":false},"excerpt":{"rendered":"<p>O Prefeito de Tr\u00eas Lagoas, Angelo Guerreiro, e o Presidente da C\u00e2mara Municipal, Dr. Cassiano Maia, est\u00e3o participando da 25\u00aa Marcha a Bras\u00edlia em Defesa dos Munic\u00edpios. O evento, promovido pela Confedera\u00e7\u00e3o Nacional dos Munic\u00edpios (CNM), re\u00fane gestores e lideran\u00e7as municipalistas com o objetivo de absorver informa\u00e7\u00f5es e estrat\u00e9gias para acelerar o desenvolvimento municipal. \u201cA [&hellip;]<\/p>\n","protected":false},"author":2,"featured_media":27185,"comment_status":"open","ping_status":"open","sticky":false,"template":"","format":"standard","meta":{"om_disable_all_campaigns":false,"_monsterinsights_skip_tracking":false,"_monsterinsights_sitenote_active":false,"_monsterinsights_sitenote_note":"","_monsterinsights_sitenote_category":0,"footnotes":""},"categories":[30,42,48],"tags":[],"aioseo_notices":[],"_links":{"self":[{"href":"https:\/\/expressaoms.com.br\/index.php\/wp-json\/wp\/v2\/posts\/27184"}],"collection":[{"href":"https:\/\/expressaoms.com.br\/index.php\/wp-json\/wp\/v2\/posts"}],"about":[{"href":"https:\/\/expressaoms.com.br\/index.php\/wp-json\/wp\/v2\/types\/post"}],"author":[{"embeddable":true,"href":"https:\/\/expressaoms.com.br\/index.php\/wp-json\/wp\/v2\/users\/2"}],"replies":[{"embeddable":true,"href":"https:\/\/expressaoms.com.br\/index.php\/wp-json\/wp\/v2\/comments?post=27184"}],"version-history":[{"count":1,"href":"https:\/\/expressaoms.com.br\/index.php\/wp-json\/wp\/v2\/posts\/27184\/revisions"}],"predecessor-version":[{"id":27186,"href":"https:\/\/expressaoms.com.br\/index.php\/wp-json\/wp\/v2\/posts\/27184\/revisions\/27186"}],"wp:featuredmedia":[{"embeddable":true,"href":"https:\/\/expressaoms.com.br\/index.php\/wp-json\/wp\/v2\/media\/27185"}],"wp:attachment":[{"href":"https:\/\/expressaoms.com.br\/index.php\/wp-json\/wp\/v2\/media?parent=27184"}],"wp:term":[{"taxonomy":"category","embeddable":true,"href":"https:\/\/expressaoms.com.br\/index.php\/wp-json\/wp\/v2\/categories?post=27184"},{"taxonomy":"post_tag","embeddable":true,"href":"https:\/\/expressaoms.com.br\/index.php\/wp-json\/wp\/v2\/tags?post=27184"}],"curies":[{"name":"wp","href":"https:\/\/api.w.org\/{rel}","templated":true}]}}