{"id":27193,"date":"2024-05-23T10:10:44","date_gmt":"2024-05-23T13:10:44","guid":{"rendered":"https:\/\/expressaoms.com.br\/?p=27193"},"modified":"2024-05-23T10:10:44","modified_gmt":"2024-05-23T13:10:44","slug":"semec-realiza-4a-audiencia-publica-de-monitoramento-e-avaliacao-do-plano-municipal-de-educacao","status":"publish","type":"post","link":"https:\/\/expressaoms.com.br\/index.php\/2024\/05\/23\/semec-realiza-4a-audiencia-publica-de-monitoramento-e-avaliacao-do-plano-municipal-de-educacao\/","title":{"rendered":"SEMEC realiza 4\u00aa Audi\u00eancia P\u00fablica de Monitoramento e Avalia\u00e7\u00e3o do Plano Municipal de Educa\u00e7\u00e3o"},"content":{"rendered":"<p data-raofz=\"16\">A Prefeitura de Tr\u00eas Lagoas, atrav\u00e9s da Secretaria Municipal de Educa\u00e7\u00e3o e Cultura (SEMEC), promover\u00e1 a 4\u00aa Audi\u00eancia P\u00fablica de Monitoramento e Avalia\u00e7\u00e3o do Plano Municipal de Educa\u00e7\u00e3o (PME). O evento acontecer\u00e1 no audit\u00f3rio da AEMS, localizado na Avenida J\u00falio Ferreira Xavier, 2750, no dia 27 de maio de 2024, das 7h30 \u00e0s 11h.<\/p>\n<p data-raofz=\"16\">A participa\u00e7\u00e3o de todos \u00e9 fundamental para que o Plano Municipal de Educa\u00e7\u00e3o continue atendendo \u00e0s necessidades e expectativas da popula\u00e7\u00e3o, promovendo uma educa\u00e7\u00e3o inclusiva para todos os cidad\u00e3os de Tr\u00eas Lagoas.<\/p>\n<p data-raofz=\"16\">A SEMEC convida toda a comunidade a se fazer presente e contribuir com esse importante processo de constru\u00e7\u00e3o coletiva.<\/p>\n<p data-raofz=\"16\"><strong>Servi\u00e7o:<\/strong><\/p>\n<p data-raofz=\"16\"><strong>Data:<\/strong>\u00a027 de maio de 2024<\/p>\n<p data-raofz=\"16\"><strong>Hor\u00e1rio:<\/strong>\u00a0Das 7h30 \u00e0s 11h<\/p>\n<p data-raofz=\"16\"><strong>Local:<\/strong>\u00a0Audit\u00f3rio da AEMS<\/p>\n<p data-raofz=\"16\"><strong>Endere\u00e7o:<\/strong>\u00a0Avenida J\u00falio Ferreira Xavier, 2750<\/p>\n","protected":false},"excerpt":{"rendered":"<p>A Prefeitura de Tr\u00eas Lagoas, atrav\u00e9s da Secretaria Municipal de Educa\u00e7\u00e3o e Cultura (SEMEC), promover\u00e1 a 4\u00aa Audi\u00eancia P\u00fablica de Monitoramento e Avalia\u00e7\u00e3o do Plano Municipal de Educa\u00e7\u00e3o (PME). O evento acontecer\u00e1 no audit\u00f3rio da AEMS, localizado na Avenida J\u00falio Ferreira Xavier, 2750, no dia 27 de maio de 2024, das 7h30 \u00e0s 11h. A [&hellip;]<\/p>\n","protected":false},"author":2,"featured_media":27194,"comment_status":"open","ping_status":"open","sticky":false,"template":"","format":"standard","meta":{"om_disable_all_campaigns":false,"_monsterinsights_skip_tracking":false,"_monsterinsights_sitenote_active":false,"_monsterinsights_sitenote_note":"","_monsterinsights_sitenote_category":0,"footnotes":""},"categories":[32,36,48],"tags":[],"aioseo_notices":[],"_links":{"self":[{"href":"https:\/\/expressaoms.com.br\/index.php\/wp-json\/wp\/v2\/posts\/27193"}],"collection":[{"href":"https:\/\/expressaoms.com.br\/index.php\/wp-json\/wp\/v2\/posts"}],"about":[{"href":"https:\/\/expressaoms.com.br\/index.php\/wp-json\/wp\/v2\/types\/post"}],"author":[{"embeddable":true,"href":"https:\/\/expressaoms.com.br\/index.php\/wp-json\/wp\/v2\/users\/2"}],"replies":[{"embeddable":true,"href":"https:\/\/expressaoms.com.br\/index.php\/wp-json\/wp\/v2\/comments?post=27193"}],"version-history":[{"count":1,"href":"https:\/\/expressaoms.com.br\/index.php\/wp-json\/wp\/v2\/posts\/27193\/revisions"}],"predecessor-version":[{"id":27195,"href":"https:\/\/expressaoms.com.br\/index.php\/wp-json\/wp\/v2\/posts\/27193\/revisions\/27195"}],"wp:featuredmedia":[{"embeddable":true,"href":"https:\/\/expressaoms.com.br\/index.php\/wp-json\/wp\/v2\/media\/27194"}],"wp:attachment":[{"href":"https:\/\/expressaoms.com.br\/index.php\/wp-json\/wp\/v2\/media?parent=27193"}],"wp:term":[{"taxonomy":"category","embeddable":true,"href":"https:\/\/expressaoms.com.br\/index.php\/wp-json\/wp\/v2\/categories?post=27193"},{"taxonomy":"post_tag","embeddable":true,"href":"https:\/\/expressaoms.com.br\/index.php\/wp-json\/wp\/v2\/tags?post=27193"}],"curies":[{"name":"wp","href":"https:\/\/api.w.org\/{rel}","templated":true}]}}