{"id":27196,"date":"2024-05-23T10:11:17","date_gmt":"2024-05-23T13:11:17","guid":{"rendered":"https:\/\/expressaoms.com.br\/?p=27196"},"modified":"2024-05-23T10:11:17","modified_gmt":"2024-05-23T13:11:17","slug":"atencao-donos-de-pets-prefeitura-realizara-acao-educativa-sobre-leishmaniose-na-feira-central-neste-sabado-25","status":"publish","type":"post","link":"https:\/\/expressaoms.com.br\/index.php\/2024\/05\/23\/atencao-donos-de-pets-prefeitura-realizara-acao-educativa-sobre-leishmaniose-na-feira-central-neste-sabado-25\/","title":{"rendered":"ATEN\u00c7\u00c3O DONOS DE PETs \u2013 Prefeitura realizar\u00e1 a\u00e7\u00e3o educativa sobre Leishmaniose na Feira Central neste s\u00e1bado (25)"},"content":{"rendered":"<p data-raofz=\"16\">Neste s\u00e1bado, dia 25 de maio, ser\u00e1 realizada na Feira Central Tur\u00edstica uma a\u00e7\u00e3o educativa sobre Leishmaniose, promovida pela Prefeitura de Tr\u00eas Lagoas, atrav\u00e9s da Secretaria Municipal de Sa\u00fade (SMS), por meio dos setores de Entomologia, Centro de Controle de Zoonoses (CCZ) e Promo\u00e7\u00e3o da Sa\u00fade.<\/p>\n<p data-raofz=\"16\">A a\u00e7\u00e3o acontecer\u00e1 das 07h \u00e0s 12h, com o intuito de dar oportunidade para os mun\u00edcipes que trabalham durante os dias de semana aproveitarem os servi\u00e7os oferecidos pela Administra\u00e7\u00e3o Municipal.<\/p>\n<p data-raofz=\"16\">Haver\u00e1 coleta de sangue para diagn\u00f3stico de leishmaniose, vacina antirr\u00e1bica, microchipagem, verm\u00edfugo, orienta\u00e7\u00f5es sobre posse respons\u00e1vel, profilaxia de leishmaniose e cuidados com acidentes com animais pe\u00e7onhentos. Tamb\u00e9m haver\u00e1 armadilhas utilizadas no monitoramento de vetores da leishmaniose e arboviroses, mostru\u00e1rio de esp\u00e9cimes de vetores de leishmaniose, doen\u00e7a de Chagas e arboviroses, e do caramujo Achatina fulica. Leve seu animal de estima\u00e7\u00e3o e n\u00e3o perca essa oportunidade.<\/p>\n<p data-raofz=\"16\"><strong>SERVI\u00c7O<\/strong><\/p>\n<p data-raofz=\"16\">A\u00e7\u00e3o Educativa de Leishmaniose<\/p>\n<p data-raofz=\"16\">Data: Dia 25 (s\u00e1bado)<\/p>\n<p data-raofz=\"16\">Hor\u00e1rio: Das 07h \u00e0s 12h<\/p>\n<p data-raofz=\"16\">Local: Feira Central Tur\u00edstica<\/p>\n<p data-raofz=\"16\">Endere\u00e7o: Avenida Ros\u00e1rio Congro, s\/n \u2013 Centro<\/p>\n","protected":false},"excerpt":{"rendered":"<p>Neste s\u00e1bado, dia 25 de maio, ser\u00e1 realizada na Feira Central Tur\u00edstica uma a\u00e7\u00e3o educativa sobre Leishmaniose, promovida pela Prefeitura de Tr\u00eas Lagoas, atrav\u00e9s da Secretaria Municipal de Sa\u00fade (SMS), por meio dos setores de Entomologia, Centro de Controle de Zoonoses (CCZ) e Promo\u00e7\u00e3o da Sa\u00fade. A a\u00e7\u00e3o acontecer\u00e1 das 07h \u00e0s 12h, com o [&hellip;]<\/p>\n","protected":false},"author":2,"featured_media":27197,"comment_status":"open","ping_status":"open","sticky":false,"template":"","format":"standard","meta":{"om_disable_all_campaigns":false,"_monsterinsights_skip_tracking":false,"_monsterinsights_sitenote_active":false,"_monsterinsights_sitenote_note":"","_monsterinsights_sitenote_category":0,"footnotes":""},"categories":[36,48],"tags":[],"aioseo_notices":[],"_links":{"self":[{"href":"https:\/\/expressaoms.com.br\/index.php\/wp-json\/wp\/v2\/posts\/27196"}],"collection":[{"href":"https:\/\/expressaoms.com.br\/index.php\/wp-json\/wp\/v2\/posts"}],"about":[{"href":"https:\/\/expressaoms.com.br\/index.php\/wp-json\/wp\/v2\/types\/post"}],"author":[{"embeddable":true,"href":"https:\/\/expressaoms.com.br\/index.php\/wp-json\/wp\/v2\/users\/2"}],"replies":[{"embeddable":true,"href":"https:\/\/expressaoms.com.br\/index.php\/wp-json\/wp\/v2\/comments?post=27196"}],"version-history":[{"count":1,"href":"https:\/\/expressaoms.com.br\/index.php\/wp-json\/wp\/v2\/posts\/27196\/revisions"}],"predecessor-version":[{"id":27198,"href":"https:\/\/expressaoms.com.br\/index.php\/wp-json\/wp\/v2\/posts\/27196\/revisions\/27198"}],"wp:featuredmedia":[{"embeddable":true,"href":"https:\/\/expressaoms.com.br\/index.php\/wp-json\/wp\/v2\/media\/27197"}],"wp:attachment":[{"href":"https:\/\/expressaoms.com.br\/index.php\/wp-json\/wp\/v2\/media?parent=27196"}],"wp:term":[{"taxonomy":"category","embeddable":true,"href":"https:\/\/expressaoms.com.br\/index.php\/wp-json\/wp\/v2\/categories?post=27196"},{"taxonomy":"post_tag","embeddable":true,"href":"https:\/\/expressaoms.com.br\/index.php\/wp-json\/wp\/v2\/tags?post=27196"}],"curies":[{"name":"wp","href":"https:\/\/api.w.org\/{rel}","templated":true}]}}