{"id":27268,"date":"2024-05-27T06:32:55","date_gmt":"2024-05-27T09:32:55","guid":{"rendered":"https:\/\/expressaoms.com.br\/?p=27268"},"modified":"2024-05-27T15:33:06","modified_gmt":"2024-05-27T18:33:06","slug":"mato-grosso-do-sul-tem-previsao-de-alta-nebulosidade-e-baixas-temperaturas-nesta-segunda-feira","status":"publish","type":"post","link":"https:\/\/expressaoms.com.br\/index.php\/2024\/05\/27\/mato-grosso-do-sul-tem-previsao-de-alta-nebulosidade-e-baixas-temperaturas-nesta-segunda-feira\/","title":{"rendered":"Mato Grosso do Sul tem previs\u00e3o de alta nebulosidade e baixas temperaturas nesta segunda-feira"},"content":{"rendered":"<p>Com alta nebulosidade e c\u00e9u encoberto, esta segunda-feira (27) tem previs\u00e3o de continuidade do tempo frio em grande parte de Mato Grosso do Sul. De acordo com o Cemtec (Centro de Monitoramento do Tempo e do Clima), existe ainda a possibilidade para pancadas de chuvas principalmente nas regi\u00f5es Sul, Sudoeste, Sudeste e Leste. J\u00e1 nas regi\u00f5es central e pantaneira, o tempo deve permanecer firme e nublado.<\/p>\n<p>\u201cEsta situa\u00e7\u00e3o meteorol\u00f3gica ocorre devido ao deslocamento de um cavado (\u00e1rea alongada de baixa press\u00e3o atmosf\u00e9rica). Aliado a este sistema, a atua\u00e7\u00e3o de uma frente fria e a forma\u00e7\u00e3o do ciclone extratropical que se forma no oceano Atl\u00e2ntico, na altura do Rio Grande do Sul, ir\u00e1 impulsionar o avan\u00e7o do ar mais seco e frio para o estado\u201d, explica o coordenadora do Centro, a meteorologista Valesca Fernandes.<\/p>\n<p>Em Campo Grande, os term\u00f4metros marcam 12\u00b0C inicialmente e chegam aos 19\u00b0C ao longo do dia. Em Dourados, a m\u00ednima \u00e9 de 9\u00b0C e a m\u00e1xima de 14\u00b0C. Na regi\u00e3o Sul-Fronteira, Ponta Por\u00e3 apresenta varia\u00e7\u00e3o entre 7\u00b0C e 10\u00b0C. Anauril\u00e2ndia, na regi\u00e3o Leste, tem m\u00ednima de 13\u00b0C e m\u00e1xima de 19\u00b0C.<\/p>\n<p>No Bols\u00e3o, Tr\u00eas Lagoas amanhece com 17\u00b0C e chega aos 27\u00b0C \u00e0 tarde; em Parana\u00edba, na mesma regi\u00e3o, a m\u00ednima \u00e9 de 17\u00b0C e a m\u00e1xima de 24\u00b0C. No munic\u00edpio de Coxim, no Norte do estado, os valores variam entre 15\u00b0C e 24\u00b0C.<\/p>\n<p>Corumb\u00e1, na regi\u00e3o pantaneira, tem m\u00ednima de 13\u00b0C e m\u00e1xima de 15\u00b0C, j\u00e1 Aquidauana registra 12\u00b0C pela manh\u00e3 e atinge 17\u00b0C nos hor\u00e1rios mais quentes. No Sudoeste, as temperaturas em Porto Murtinho iniciam aos 9\u00b0C e sobem at\u00e9 15\u00b0C.<\/p>\n<div id=\"gallery-1\" class=\"gallery galleryid-477847 gallery-columns-1 gallery-size-large\">\n<figure class=\"gallery-item\">\n<div class=\"gallery-icon landscape\"><a href=\"https:\/\/agenciadenoticias.ms.gov.br\/wp-content\/uploads\/2024\/05\/WhatsApp-Image-2024-05-27-at-11.10.13.jpeg\"><img fetchpriority=\"high\" decoding=\"async\" class=\"attachment-large size-large\" src=\"https:\/\/agenciadenoticias.ms.gov.br\/wp-content\/uploads\/2024\/05\/WhatsApp-Image-2024-05-27-at-11.10.13-1024x724.jpeg\" sizes=\"(max-width: 1024px) 100vw, 1024px\" srcset=\"https:\/\/agenciadenoticias.ms.gov.br\/wp-content\/uploads\/2024\/05\/WhatsApp-Image-2024-05-27-at-11.10.13-1024x724.jpeg 1024w, https:\/\/agenciadenoticias.ms.gov.br\/wp-content\/uploads\/2024\/05\/WhatsApp-Image-2024-05-27-at-11.10.13-300x212.jpeg 300w, https:\/\/agenciadenoticias.ms.gov.br\/wp-content\/uploads\/2024\/05\/WhatsApp-Image-2024-05-27-at-11.10.13-768x543.jpeg 768w, https:\/\/agenciadenoticias.ms.gov.br\/wp-content\/uploads\/2024\/05\/WhatsApp-Image-2024-05-27-at-11.10.13-1536x1086.jpeg 1536w, https:\/\/agenciadenoticias.ms.gov.br\/wp-content\/uploads\/2024\/05\/WhatsApp-Image-2024-05-27-at-11.10.13-340x240.jpeg 340w, https:\/\/agenciadenoticias.ms.gov.br\/wp-content\/uploads\/2024\/05\/WhatsApp-Image-2024-05-27-at-11.10.13.jpeg 1600w\" alt=\"\" width=\"1024\" height=\"724\" data-uw-rm-alt-original=\"\" \/><\/a><\/div>\n<\/figure>\n<\/div>\n","protected":false},"excerpt":{"rendered":"<p>Com alta nebulosidade e c\u00e9u encoberto, esta segunda-feira (27) tem previs\u00e3o de continuidade do tempo frio em grande parte de Mato Grosso do Sul. De acordo com o Cemtec (Centro de Monitoramento do Tempo e do Clima), existe ainda a possibilidade para pancadas de chuvas principalmente nas regi\u00f5es Sul, Sudoeste, Sudeste e Leste. J\u00e1 nas [&hellip;]<\/p>\n","protected":false},"author":2,"featured_media":27269,"comment_status":"open","ping_status":"open","sticky":false,"template":"","format":"standard","meta":{"om_disable_all_campaigns":false,"_monsterinsights_skip_tracking":false,"_monsterinsights_sitenote_active":false,"_monsterinsights_sitenote_note":"","_monsterinsights_sitenote_category":0,"footnotes":""},"categories":[30,36,266,47],"tags":[],"aioseo_notices":[],"_links":{"self":[{"href":"https:\/\/expressaoms.com.br\/index.php\/wp-json\/wp\/v2\/posts\/27268"}],"collection":[{"href":"https:\/\/expressaoms.com.br\/index.php\/wp-json\/wp\/v2\/posts"}],"about":[{"href":"https:\/\/expressaoms.com.br\/index.php\/wp-json\/wp\/v2\/types\/post"}],"author":[{"embeddable":true,"href":"https:\/\/expressaoms.com.br\/index.php\/wp-json\/wp\/v2\/users\/2"}],"replies":[{"embeddable":true,"href":"https:\/\/expressaoms.com.br\/index.php\/wp-json\/wp\/v2\/comments?post=27268"}],"version-history":[{"count":1,"href":"https:\/\/expressaoms.com.br\/index.php\/wp-json\/wp\/v2\/posts\/27268\/revisions"}],"predecessor-version":[{"id":27270,"href":"https:\/\/expressaoms.com.br\/index.php\/wp-json\/wp\/v2\/posts\/27268\/revisions\/27270"}],"wp:featuredmedia":[{"embeddable":true,"href":"https:\/\/expressaoms.com.br\/index.php\/wp-json\/wp\/v2\/media\/27269"}],"wp:attachment":[{"href":"https:\/\/expressaoms.com.br\/index.php\/wp-json\/wp\/v2\/media?parent=27268"}],"wp:term":[{"taxonomy":"category","embeddable":true,"href":"https:\/\/expressaoms.com.br\/index.php\/wp-json\/wp\/v2\/categories?post=27268"},{"taxonomy":"post_tag","embeddable":true,"href":"https:\/\/expressaoms.com.br\/index.php\/wp-json\/wp\/v2\/tags?post=27268"}],"curies":[{"name":"wp","href":"https:\/\/api.w.org\/{rel}","templated":true}]}}