{"id":27287,"date":"2024-05-28T12:22:09","date_gmt":"2024-05-28T15:22:09","guid":{"rendered":"https:\/\/expressaoms.com.br\/?p=27287"},"modified":"2024-05-28T12:22:09","modified_gmt":"2024-05-28T15:22:09","slug":"prefeitura-de-tres-lagoas-promovera-consultas-publicas-para-revisao-do-plano-local-de-habitacao","status":"publish","type":"post","link":"https:\/\/expressaoms.com.br\/index.php\/2024\/05\/28\/prefeitura-de-tres-lagoas-promovera-consultas-publicas-para-revisao-do-plano-local-de-habitacao\/","title":{"rendered":"Prefeitura de Tr\u00eas Lagoas promover\u00e1 Consultas P\u00fablicas para Revis\u00e3o do Plano Local de Habita\u00e7\u00e3o"},"content":{"rendered":"<p>A Prefeitura Municipal de Tr\u00eas Lagoas, por meio da Secretaria Municipal de Governo e Pol\u00edticas P\u00fablicas (SEGOV), convida a todos os interessados a participarem das Consultas P\u00fablicas da Revis\u00e3o do Plano Local de Habita\u00e7\u00e3o de Interesse Social (PLHIS) nos dias 6 e 7 de junho, com o objetivo de promover a discuss\u00e3o e aprimoramento das pol\u00edticas habitacionais no munic\u00edpio.<\/p>\n<p><strong>SOBRE O PLANO<\/strong><\/p>\n<p>O Plano Local de Habita\u00e7\u00e3o de Interesse Social de Tr\u00eas Lagoas\/MS \u00e9 um conjunto de objetivos, metas, diretrizes e instrumentos de a\u00e7\u00e3o e interven\u00e7\u00e3o para o setor habitacional. Ele expressa o entendimento do governo local e dos agentes sociais sobre a habita\u00e7\u00e3o de interesse social e busca solu\u00e7\u00f5es para garantir o acesso ao direito \u00e0 moradia digna.<\/p>\n<p><strong>IMPORT\u00c2NCIA<\/strong><\/p>\n<p>O PLHIS visa equacionar o problema do d\u00e9ficit habitacional na cidade. Por meio de programas e a\u00e7\u00f5es, busca melhorar as condi\u00e7\u00f5es de habitabilidade, incluindo o planejamento e a provis\u00e3o habitacional, a urbaniza\u00e7\u00e3o, a regulariza\u00e7\u00e3o e a integra\u00e7\u00e3o de assentamentos prec\u00e1rios, al\u00e9m de oferecer assist\u00eancia t\u00e9cnica.<\/p>\n<p><strong>CONSULTAS P\u00daBLICAS<\/strong><\/p>\n<p>As Consultas P\u00fablicas ocorrer\u00e3o em quatro lugares e hor\u00e1rios diferentes, visando maior ades\u00e3o e acessibilidade da popula\u00e7\u00e3o tr\u00eas-lagoense. Os cidad\u00e3os ter\u00e3o a oportunidade de contribuir com sugest\u00f5es, cr\u00edticas e ideias para aprimorar o Plano. Vejas os hor\u00e1rios e locais abaixo:<\/p>\n<p>&nbsp;<\/p>\n<figure class=\"wp-block-gallery has-nested-images columns-2 is-cropped wp-block-gallery-1 is-layout-flex wp-block-gallery-is-layout-flex\">\n<figure class=\"wp-block-image size-large\"><a role=\"link\" href=\"https:\/\/www.treslagoas.ms.gov.br\/wp-content\/uploads\/2024\/05\/CONSULTAS-PUBLICAS-PLANO-DE-HABITACAO-1.png\"><img fetchpriority=\"high\" decoding=\"async\" class=\"wp-image-124544\" src=\"https:\/\/www.treslagoas.ms.gov.br\/wp-content\/uploads\/2024\/05\/CONSULTAS-PUBLICAS-PLANO-DE-HABITACAO-1-920x920.png\" sizes=\"(max-width: 920px) 100vw, 920px\" srcset=\"https:\/\/www.treslagoas.ms.gov.br\/wp-content\/uploads\/2024\/05\/CONSULTAS-PUBLICAS-PLANO-DE-HABITACAO-1.png 920w, https:\/\/www.treslagoas.ms.gov.br\/wp-content\/uploads\/2024\/05\/CONSULTAS-PUBLICAS-PLANO-DE-HABITACAO-1-300x300.png 300w, https:\/\/www.treslagoas.ms.gov.br\/wp-content\/uploads\/2024\/05\/CONSULTAS-PUBLICAS-PLANO-DE-HABITACAO-1-150x150.png 150w, https:\/\/www.treslagoas.ms.gov.br\/wp-content\/uploads\/2024\/05\/CONSULTAS-PUBLICAS-PLANO-DE-HABITACAO-1-768x768.png 768w, https:\/\/www.treslagoas.ms.gov.br\/wp-content\/uploads\/2024\/05\/CONSULTAS-PUBLICAS-PLANO-DE-HABITACAO-1-187x187.png 187w, https:\/\/www.treslagoas.ms.gov.br\/wp-content\/uploads\/2024\/05\/CONSULTAS-PUBLICAS-PLANO-DE-HABITACAO-1-600x600.png 600w, https:\/\/www.treslagoas.ms.gov.br\/wp-content\/uploads\/2024\/05\/CONSULTAS-PUBLICAS-PLANO-DE-HABITACAO-1-100x100.png 100w\" alt=\"\" width=\"920\" height=\"920\" data-id=\"124544\" \/><\/a><\/figure>\n<figure class=\"wp-block-image size-large\"><a role=\"link\" href=\"https:\/\/www.treslagoas.ms.gov.br\/wp-content\/uploads\/2024\/05\/CONSULTAS-PUBLICAS-PLANO-DE-HABITACAO-2.png\"><img decoding=\"async\" class=\"wp-image-124545 ls-is-cached lazyloaded\" src=\"https:\/\/www.treslagoas.ms.gov.br\/wp-content\/uploads\/2024\/05\/CONSULTAS-PUBLICAS-PLANO-DE-HABITACAO-2-920x920.png\" sizes=\"(max-width: 920px) 100vw, 920px\" srcset=\"https:\/\/www.treslagoas.ms.gov.br\/wp-content\/uploads\/2024\/05\/CONSULTAS-PUBLICAS-PLANO-DE-HABITACAO-2.png 920w, https:\/\/www.treslagoas.ms.gov.br\/wp-content\/uploads\/2024\/05\/CONSULTAS-PUBLICAS-PLANO-DE-HABITACAO-2-300x300.png 300w, https:\/\/www.treslagoas.ms.gov.br\/wp-content\/uploads\/2024\/05\/CONSULTAS-PUBLICAS-PLANO-DE-HABITACAO-2-150x150.png 150w, https:\/\/www.treslagoas.ms.gov.br\/wp-content\/uploads\/2024\/05\/CONSULTAS-PUBLICAS-PLANO-DE-HABITACAO-2-768x768.png 768w, https:\/\/www.treslagoas.ms.gov.br\/wp-content\/uploads\/2024\/05\/CONSULTAS-PUBLICAS-PLANO-DE-HABITACAO-2-187x187.png 187w, https:\/\/www.treslagoas.ms.gov.br\/wp-content\/uploads\/2024\/05\/CONSULTAS-PUBLICAS-PLANO-DE-HABITACAO-2-600x600.png 600w, https:\/\/www.treslagoas.ms.gov.br\/wp-content\/uploads\/2024\/05\/CONSULTAS-PUBLICAS-PLANO-DE-HABITACAO-2-100x100.png 100w\" alt=\"\" width=\"920\" height=\"920\" data-id=\"124545\" data-src=\"https:\/\/www.treslagoas.ms.gov.br\/wp-content\/uploads\/2024\/05\/CONSULTAS-PUBLICAS-PLANO-DE-HABITACAO-2-920x920.png\" data-srcset=\"https:\/\/www.treslagoas.ms.gov.br\/wp-content\/uploads\/2024\/05\/CONSULTAS-PUBLICAS-PLANO-DE-HABITACAO-2.png 920w, https:\/\/www.treslagoas.ms.gov.br\/wp-content\/uploads\/2024\/05\/CONSULTAS-PUBLICAS-PLANO-DE-HABITACAO-2-300x300.png 300w, https:\/\/www.treslagoas.ms.gov.br\/wp-content\/uploads\/2024\/05\/CONSULTAS-PUBLICAS-PLANO-DE-HABITACAO-2-150x150.png 150w, https:\/\/www.treslagoas.ms.gov.br\/wp-content\/uploads\/2024\/05\/CONSULTAS-PUBLICAS-PLANO-DE-HABITACAO-2-768x768.png 768w, https:\/\/www.treslagoas.ms.gov.br\/wp-content\/uploads\/2024\/05\/CONSULTAS-PUBLICAS-PLANO-DE-HABITACAO-2-187x187.png 187w, https:\/\/www.treslagoas.ms.gov.br\/wp-content\/uploads\/2024\/05\/CONSULTAS-PUBLICAS-PLANO-DE-HABITACAO-2-600x600.png 600w, https:\/\/www.treslagoas.ms.gov.br\/wp-content\/uploads\/2024\/05\/CONSULTAS-PUBLICAS-PLANO-DE-HABITACAO-2-100x100.png 100w\" data-sizes=\"(max-width: 920px) 100vw, 920px\" \/><\/a><\/figure>\n<\/figure>\n","protected":false},"excerpt":{"rendered":"<p>A Prefeitura Municipal de Tr\u00eas Lagoas, por meio da Secretaria Municipal de Governo e Pol\u00edticas P\u00fablicas (SEGOV), convida a todos os interessados a participarem das Consultas P\u00fablicas da Revis\u00e3o do Plano Local de Habita\u00e7\u00e3o de Interesse Social (PLHIS) nos dias 6 e 7 de junho, com o objetivo de promover a discuss\u00e3o e aprimoramento das [&hellip;]<\/p>\n","protected":false},"author":2,"featured_media":27288,"comment_status":"open","ping_status":"open","sticky":false,"template":"","format":"standard","meta":{"om_disable_all_campaigns":false,"_monsterinsights_skip_tracking":false,"_monsterinsights_sitenote_active":false,"_monsterinsights_sitenote_note":"","_monsterinsights_sitenote_category":0,"footnotes":""},"categories":[36,48],"tags":[],"aioseo_notices":[],"_links":{"self":[{"href":"https:\/\/expressaoms.com.br\/index.php\/wp-json\/wp\/v2\/posts\/27287"}],"collection":[{"href":"https:\/\/expressaoms.com.br\/index.php\/wp-json\/wp\/v2\/posts"}],"about":[{"href":"https:\/\/expressaoms.com.br\/index.php\/wp-json\/wp\/v2\/types\/post"}],"author":[{"embeddable":true,"href":"https:\/\/expressaoms.com.br\/index.php\/wp-json\/wp\/v2\/users\/2"}],"replies":[{"embeddable":true,"href":"https:\/\/expressaoms.com.br\/index.php\/wp-json\/wp\/v2\/comments?post=27287"}],"version-history":[{"count":1,"href":"https:\/\/expressaoms.com.br\/index.php\/wp-json\/wp\/v2\/posts\/27287\/revisions"}],"predecessor-version":[{"id":27289,"href":"https:\/\/expressaoms.com.br\/index.php\/wp-json\/wp\/v2\/posts\/27287\/revisions\/27289"}],"wp:featuredmedia":[{"embeddable":true,"href":"https:\/\/expressaoms.com.br\/index.php\/wp-json\/wp\/v2\/media\/27288"}],"wp:attachment":[{"href":"https:\/\/expressaoms.com.br\/index.php\/wp-json\/wp\/v2\/media?parent=27287"}],"wp:term":[{"taxonomy":"category","embeddable":true,"href":"https:\/\/expressaoms.com.br\/index.php\/wp-json\/wp\/v2\/categories?post=27287"},{"taxonomy":"post_tag","embeddable":true,"href":"https:\/\/expressaoms.com.br\/index.php\/wp-json\/wp\/v2\/tags?post=27287"}],"curies":[{"name":"wp","href":"https:\/\/api.w.org\/{rel}","templated":true}]}}