{"id":27290,"date":"2024-05-28T12:26:13","date_gmt":"2024-05-28T15:26:13","guid":{"rendered":"https:\/\/expressaoms.com.br\/?p=27290"},"modified":"2024-05-28T12:26:17","modified_gmt":"2024-05-28T15:26:17","slug":"semea-anuncia-agenda-especial-para-a-semana-do-meio-ambiente-2024-em-tres-lagoas","status":"publish","type":"post","link":"https:\/\/expressaoms.com.br\/index.php\/2024\/05\/28\/semea-anuncia-agenda-especial-para-a-semana-do-meio-ambiente-2024-em-tres-lagoas\/","title":{"rendered":"SEMEA anuncia agenda especial para a Semana do Meio Ambiente 2024 em Tr\u00eas Lagoas"},"content":{"rendered":"<p>A Prefeitura de Tr\u00eas Lagoas, por meio da Secretaria Municipal de Meio Ambiente e Agroneg\u00f3cio (SEMEA), anuncia a programa\u00e7\u00e3o especial para a Semana do Meio Ambiente 2024. As atividades come\u00e7ar\u00e3o no dia 3 de junho e se estender\u00e3o ao longo da semana, culminando em um grande evento de encerramento na sexta-feira, 7 de junho. A semana ser\u00e1 repleta de a\u00e7\u00f5es educativas e pr\u00e1ticas voltadas para a conscientiza\u00e7\u00e3o e preserva\u00e7\u00e3o ambiental.<\/p>\n<p><strong>CRONOGRAMA DAS ATIVIDADES<\/strong><\/p>\n<p><strong><em>Segunda-feira, 3 de junho<\/em><\/strong><\/p>\n<p>\u2013 09:40 \u2013 Din\u00e2mica: Lixo ou Rejeito?<\/p>\n<p>\u2013 Local: E.E. Dom Aquino<\/p>\n<p>\u2013 A\u00e7\u00e3o: Palestra sobre as diferen\u00e7as entre aterro, lix\u00e3o, reciclagem, pol\u00edtica dos 3 R\u2019s e compostagem.<\/p>\n<p><strong><em>Ter\u00e7a-feira, 4 de junho<\/em><\/strong><\/p>\n<p>\u2013 08h e 14h \u2013 Projeto: Tr\u00eas Lagoas +Verde<\/p>\n<p>\u2013 Local: APAE Unidade Urias Ribeiro<\/p>\n<p>\u2013 A\u00e7\u00e3o: Plantio de mudas de \u00e1rvores.<\/p>\n<p><strong><em>Quarta-feira, 5 de junho<\/em><\/strong><\/p>\n<p>\u2013 08h e 14h \u2013 Programa SEMEAndo o Futuro<\/p>\n<p>\u2013 Local: S.C.F.V. Tia Nega<\/p>\n<p>\u2013 A\u00e7\u00e3o: Oficina de propaga\u00e7\u00e3o de plantas.<\/p>\n<p><strong><em>Quinta-feira, 6 de junho<\/em><\/strong><\/p>\n<p>\u2013 08h e 14h<\/p>\n<p>\u2013 A\u00e7\u00e3o: Conhecendo a Compostagem<\/p>\n<p>\u2013 Visita \u00e0 F\u00e1brica de Fertilizantes da Vida \u2013 Terceirizada Suzano<\/p>\n<p><strong><em>Sexta-feira, 7 de junho \u2013 Feira do Meio Ambiente 2024<\/em><\/strong><\/p>\n<p>\u2013 Local: Lagoa Maior (ao lado do Gin\u00e1sio de Esportes)<\/p>\n<p>\u2013 Hor\u00e1rio: das 08:30 \u00e0s 14:30<\/p>\n<p><strong>Atra\u00e7\u00f5es da Feira:<\/strong><\/p>\n<p>\u2013 Exposi\u00e7\u00e3o de Biodigestor e compostagem<\/p>\n<p>\u2013 Bioindicadores Ambientais<\/p>\n<p>\u2013 Cole\u00e7\u00e3o Biol\u00f3gica<\/p>\n<p>\u2013 Sementes Crioulas<\/p>\n<p>\u2013 Animais Pe\u00e7onhentos<\/p>\n<p>\u2013 Conhecendo: Laborat\u00f3rio de Entomologia<\/p>\n<p>\u2013 Exposi\u00e7\u00e3o de materiais de trabalho<\/p>\n<p>\u2013 Meliponicultura e hidroponia<\/p>\n<p>\u2013 Fertilizante a partir de Res\u00edduos de F\u00e1brica<\/p>\n<p>\u2013 Bioeconomia Circular<\/p>\n<p>\u2013 Exposi\u00e7\u00e3o: Fotografias da Natureza e desenhos APAE<\/p>\n<p>\u2013 Conserva\u00e7\u00e3o dos Animais Silvestres<\/p>\n<p>\u2013 Ecoponto: Res\u00edduos Recicl\u00e1veis<\/p>\n<p>\u2013 Monitoramento de Qualidade de \u00c1gua<\/p>\n<p><strong>Servi\u00e7os Dispon\u00edveis:<\/strong><\/p>\n<p>\u2013 Informa\u00e7\u00f5es sobre licenciamento ambiental<\/p>\n<p>\u2013 Ponto de Doa\u00e7\u00e3o: Roupas e Alimentos N\u00e3o Perec\u00edveis<\/p>\n<p>\u2013 Ecoponto: Lixo Eletr\u00f4nico<\/p>\n<p>\u2013 Microchipagem de C\u00e3es e Gatos<\/p>\n<p>\u2013 Brinquedos para crian\u00e7as at\u00e9 14 anos<\/p>\n<p>As a\u00e7\u00f5es contam com a parceria de v\u00e1rias entidades, incluindo a Secretaria Municipal de Sa\u00fade (SMS), Secretaria Municipal de Esporte, Juventude e Lazer (SEJUVEL), Secretaria Municipal de Assist\u00eancia Social (SMAS), Pol\u00edcia Militar Ambiental (PMA), Universidade Federal de Mato Grosso do Sul (UFMS), Coopera MS, APAE, Suzano, ISI Biomassa, Corpazul e Recytec.<\/p>\n<p><strong>Participe e Contribua para um Meio Ambiente Melhor!<\/strong><\/p>\n<p>A SEMEA convida toda a popula\u00e7\u00e3o de Tr\u00eas Lagoas a participar das atividades e se engajar nas a\u00e7\u00f5es propostas para celebrar e promover a consci\u00eancia ambiental durante a Semana do Meio Ambiente 2024. Este \u00e9 um momento crucial para refletir sobre nossas pr\u00e1ticas e buscar formas de contribuir para a preserva\u00e7\u00e3o do meio ambiente.<\/p>\n","protected":false},"excerpt":{"rendered":"<p>A Prefeitura de Tr\u00eas Lagoas, por meio da Secretaria Municipal de Meio Ambiente e Agroneg\u00f3cio (SEMEA), anuncia a programa\u00e7\u00e3o especial para a Semana do Meio Ambiente 2024. As atividades come\u00e7ar\u00e3o no dia 3 de junho e se estender\u00e3o ao longo da semana, culminando em um grande evento de encerramento na sexta-feira, 7 de junho. A [&hellip;]<\/p>\n","protected":false},"author":2,"featured_media":27291,"comment_status":"open","ping_status":"open","sticky":false,"template":"","format":"standard","meta":{"om_disable_all_campaigns":false,"_monsterinsights_skip_tracking":false,"_monsterinsights_sitenote_active":false,"_monsterinsights_sitenote_note":"","_monsterinsights_sitenote_category":0,"footnotes":""},"categories":[36,38,48],"tags":[],"aioseo_notices":[],"_links":{"self":[{"href":"https:\/\/expressaoms.com.br\/index.php\/wp-json\/wp\/v2\/posts\/27290"}],"collection":[{"href":"https:\/\/expressaoms.com.br\/index.php\/wp-json\/wp\/v2\/posts"}],"about":[{"href":"https:\/\/expressaoms.com.br\/index.php\/wp-json\/wp\/v2\/types\/post"}],"author":[{"embeddable":true,"href":"https:\/\/expressaoms.com.br\/index.php\/wp-json\/wp\/v2\/users\/2"}],"replies":[{"embeddable":true,"href":"https:\/\/expressaoms.com.br\/index.php\/wp-json\/wp\/v2\/comments?post=27290"}],"version-history":[{"count":1,"href":"https:\/\/expressaoms.com.br\/index.php\/wp-json\/wp\/v2\/posts\/27290\/revisions"}],"predecessor-version":[{"id":27292,"href":"https:\/\/expressaoms.com.br\/index.php\/wp-json\/wp\/v2\/posts\/27290\/revisions\/27292"}],"wp:featuredmedia":[{"embeddable":true,"href":"https:\/\/expressaoms.com.br\/index.php\/wp-json\/wp\/v2\/media\/27291"}],"wp:attachment":[{"href":"https:\/\/expressaoms.com.br\/index.php\/wp-json\/wp\/v2\/media?parent=27290"}],"wp:term":[{"taxonomy":"category","embeddable":true,"href":"https:\/\/expressaoms.com.br\/index.php\/wp-json\/wp\/v2\/categories?post=27290"},{"taxonomy":"post_tag","embeddable":true,"href":"https:\/\/expressaoms.com.br\/index.php\/wp-json\/wp\/v2\/tags?post=27290"}],"curies":[{"name":"wp","href":"https:\/\/api.w.org\/{rel}","templated":true}]}}