{"id":27293,"date":"2024-05-28T12:34:15","date_gmt":"2024-05-28T15:34:15","guid":{"rendered":"https:\/\/expressaoms.com.br\/?p=27293"},"modified":"2024-05-28T12:34:15","modified_gmt":"2024-05-28T15:34:15","slug":"prorrogadas-as-inscricoes-para-interessados-em-participar-do-desfile-dos-109-anos-de-tres-lagoas","status":"publish","type":"post","link":"https:\/\/expressaoms.com.br\/index.php\/2024\/05\/28\/prorrogadas-as-inscricoes-para-interessados-em-participar-do-desfile-dos-109-anos-de-tres-lagoas\/","title":{"rendered":"Prorrogadas as inscri\u00e7\u00f5es para interessados em participar do Desfile dos 109 anos de Tr\u00eas Lagoas"},"content":{"rendered":"<p data-raofz=\"16\">As inscri\u00e7\u00f5es para os interessados em participar do Desfile de Anivers\u00e1rio de 109 anos de Tr\u00eas Lagoas, celebrado no dia 15 de junho, foram prorrogadas at\u00e9 o dia 3 de junho, segunda-feira. O tradicional evento \u00e9 promovido pela Prefeitura de Tr\u00eas Lagoas, por meio da Secretaria Municipal de Educa\u00e7\u00e3o e Cultura (SEMEC).<\/p>\n<p data-raofz=\"16\">Neste ano o tema central \u00e9 \u201cTr\u00eas Lagoas 109 Anos, Cidade das \u00c1guas: Seus encantos, Cultura e Turismo\u201d ir\u00e1 apresentar a cultura da nossa terra, seus pontos tur\u00edsticos e trazer a origem do nome s\u00edmbolo do Munic\u00edpio.<\/p>\n<p data-raofz=\"16\">As inscri\u00e7\u00f5es s\u00e3o destinadas a todas as entidades, secretarias, diretorias, escolas p\u00fablicas e privadas, entre outros \u00f3rg\u00e3os sediados na cidade.<\/p>\n<p data-raofz=\"16\">Para efetuar o cadastro \u00e9 necess\u00e1rio preencher o formul\u00e1rio dispon\u00edvel do site da Prefeitura,\u00a0<strong><a role=\"link\" href=\"https:\/\/docs.google.com\/forms\/d\/e\/1FAIpQLSc4cllIkyFyuYlBZVx4gOh8wKYlq56tk41iH2cZjyoiJC-l6A\/viewform\" data-type=\"link\" data-id=\"https:\/\/docs.google.com\/forms\/d\/e\/1FAIpQLSc4cllIkyFyuYlBZVx4gOh8wKYlq56tk41iH2cZjyoiJC-l6A\/viewform\" data-raofz=\"16\">ACESSE AQUI<\/a><\/strong>, com as informa\u00e7\u00f5es b\u00e1sicas cadastrais e com dados como: quantidade de participantes, quantidade e tipos de ve\u00edculos e um release com informa\u00e7\u00f5es gerais da entidade.<\/p>\n","protected":false},"excerpt":{"rendered":"<p>As inscri\u00e7\u00f5es para os interessados em participar do Desfile de Anivers\u00e1rio de 109 anos de Tr\u00eas Lagoas, celebrado no dia 15 de junho, foram prorrogadas at\u00e9 o dia 3 de junho, segunda-feira. O tradicional evento \u00e9 promovido pela Prefeitura de Tr\u00eas Lagoas, por meio da Secretaria Municipal de Educa\u00e7\u00e3o e Cultura (SEMEC). Neste ano o [&hellip;]<\/p>\n","protected":false},"author":2,"featured_media":27294,"comment_status":"open","ping_status":"open","sticky":false,"template":"","format":"standard","meta":{"om_disable_all_campaigns":false,"_monsterinsights_skip_tracking":false,"_monsterinsights_sitenote_active":false,"_monsterinsights_sitenote_note":"","_monsterinsights_sitenote_category":0,"footnotes":""},"categories":[35,36,48],"tags":[],"aioseo_notices":[],"_links":{"self":[{"href":"https:\/\/expressaoms.com.br\/index.php\/wp-json\/wp\/v2\/posts\/27293"}],"collection":[{"href":"https:\/\/expressaoms.com.br\/index.php\/wp-json\/wp\/v2\/posts"}],"about":[{"href":"https:\/\/expressaoms.com.br\/index.php\/wp-json\/wp\/v2\/types\/post"}],"author":[{"embeddable":true,"href":"https:\/\/expressaoms.com.br\/index.php\/wp-json\/wp\/v2\/users\/2"}],"replies":[{"embeddable":true,"href":"https:\/\/expressaoms.com.br\/index.php\/wp-json\/wp\/v2\/comments?post=27293"}],"version-history":[{"count":1,"href":"https:\/\/expressaoms.com.br\/index.php\/wp-json\/wp\/v2\/posts\/27293\/revisions"}],"predecessor-version":[{"id":27295,"href":"https:\/\/expressaoms.com.br\/index.php\/wp-json\/wp\/v2\/posts\/27293\/revisions\/27295"}],"wp:featuredmedia":[{"embeddable":true,"href":"https:\/\/expressaoms.com.br\/index.php\/wp-json\/wp\/v2\/media\/27294"}],"wp:attachment":[{"href":"https:\/\/expressaoms.com.br\/index.php\/wp-json\/wp\/v2\/media?parent=27293"}],"wp:term":[{"taxonomy":"category","embeddable":true,"href":"https:\/\/expressaoms.com.br\/index.php\/wp-json\/wp\/v2\/categories?post=27293"},{"taxonomy":"post_tag","embeddable":true,"href":"https:\/\/expressaoms.com.br\/index.php\/wp-json\/wp\/v2\/tags?post=27293"}],"curies":[{"name":"wp","href":"https:\/\/api.w.org\/{rel}","templated":true}]}}