{"id":27315,"date":"2024-05-28T18:37:18","date_gmt":"2024-05-28T21:37:18","guid":{"rendered":"https:\/\/expressaoms.com.br\/?p=27315"},"modified":"2024-05-28T18:37:18","modified_gmt":"2024-05-28T21:37:18","slug":"corpus-christi-veja-o-que-abre-e-o-que-fecha-durante-o-feriado-e-ponto-facultativo","status":"publish","type":"post","link":"https:\/\/expressaoms.com.br\/index.php\/2024\/05\/28\/corpus-christi-veja-o-que-abre-e-o-que-fecha-durante-o-feriado-e-ponto-facultativo\/","title":{"rendered":"CORPUS CHRISTI \u2013 Veja o que abre e o que fecha durante o feriado e ponto facultativo"},"content":{"rendered":"<p data-raofz=\"16\">Nesta quinta-feira, 30 de maio, e na sexta-feira, 31 de maio, diversos setores p\u00fablicos e privados estar\u00e3o fechados por conta do Feriado de Corpus Christi e o ponto facultativo dado pela Prefeitura de Tr\u00eas Lagoas. Todos voltam ao expediente normal na segunda-feira, 03 de junho, \u00e0s 7h.<\/p>\n<p data-raofz=\"16\">Desta forma, a Prefeitura de Tr\u00eas Lagoas informa quais s\u00e3o os setores que estar\u00e3o fechados e quais funcionar\u00e3o neste per\u00edodo.<\/p>\n<p data-raofz=\"16\"><strong>O QUE ABRE E O QUE FECHA?<\/strong><\/p>\n<p data-raofz=\"16\">N\u00e3o haver\u00e1 expediente nas secretarias municipais na quinta-feira e sexta-feira durante todo o dia, bem como nos departamentos de atendimento ao p\u00fablico, CRAS, CREAS, Procon, Tributa\u00e7\u00e3o e Tr\u00e2nsito.<\/p>\n<p data-raofz=\"16\"><strong>SA\u00daDE<\/strong><\/p>\n<p data-raofz=\"16\">As Unidades de Sa\u00fade\u00a0<strong>N\u00c3O<\/strong>\u00a0abrir\u00e3o neste per\u00edodo, sendo assim, apenas rede urg\u00eancia e emerg\u00eancia (UPA 24h e SAMU), bem como o Hospital Regional, estar\u00e3o em funcionamento.<\/p>\n<p data-raofz=\"16\"><strong>ASSIST\u00caNCIA SOCIAL<\/strong><\/p>\n<p data-raofz=\"16\">Pela Secretaria de Assist\u00eancia Social (SMAS), permanecer\u00e1 o atendimento no Acolhimento Institucionais. Em caso de emerg\u00eancia ou necessidade de atendimento, a popula\u00e7\u00e3o pode entrar em contato pelo telefone (67) 67 9274-4942 e falar com os servidores plantonistas da pasta.<\/p>\n<p data-raofz=\"16\"><strong>MEIO AMBIENTE<\/strong><\/p>\n<p data-raofz=\"16\">A coleta de\u00a0<strong>lixo segue o cronograma normal de cada dia.\u00a0<\/strong>O burac\u00e3o do Jupi\u00e1, local destinado para entulho de obras, fecha nesta quinta-feira, abre normalmente na sexta e no s\u00e1bado.<\/p>\n<p data-raofz=\"16\">A coleta de animais mortos, por sua vez, n\u00e3o funciona na quinta, mas atende na sexta-feira, normalmente. O contato do servi\u00e7o \u00e9 o 67 3524-3908 ou pelo Whatsapp pelo 67 99631-9458.<\/p>\n<p data-raofz=\"16\">A coleta de pneus velhos, feita pelo EcoPonto, volta a funcionar apenas na segunda-feira a partir das 7h.<\/p>\n<p data-raofz=\"16\"><strong>INFRAESTRUTURA E TR\u00c2NSITO<\/strong><\/p>\n<p data-raofz=\"16\">Equipes do Departamento de Servi\u00e7os P\u00fablicos (DSP) e da Diretoria Municipal de Tr\u00e2nsito estar\u00e3o em escala de plant\u00e3o nos servi\u00e7os de obras e reparos. Com isso, caso a popula\u00e7\u00e3o precise de apoio do DSP basta entrar em contato pelo (67) 99296-2218 ou 99217-9946. Se o assunto for tr\u00e2nsito, o contato \u00e9 o (67) 99125-3865 ou (67) 99300-1941.<\/p>\n<p data-raofz=\"16\"><strong>ESPORTE<\/strong><\/p>\n<p data-raofz=\"16\">As quadras dos Gin\u00e1sios Esportivos \u201cCacilda Acre Rocha\u201d e Poliesportivo \u201cEduardo Milanez\u201d estar\u00e3o \u00e0 disposi\u00e7\u00e3o da popula\u00e7\u00e3o que fez agendamento antecipado.<\/p>\n<p data-raofz=\"16\"><strong>BALNE\u00c1RIO<\/strong><\/p>\n<p data-raofz=\"16\">Abrir\u00e1 normalmente a partir das 8h na quinta e na sexta-feira, bem como no final de semana, com entrada gratuita para qualquer idade. Para agendamento de quiosques (precisa pagar taxa) e mais informa\u00e7\u00f5es, o contato \u00e9 o (67) 99153-1229.<\/p>\n<p data-raofz=\"16\"><strong>FEIRA CENTRAL TUR\u00cdSTICA<\/strong><\/p>\n<p data-raofz=\"16\">A Feira Central Tur\u00edstica funcionar\u00e1 na sexta-feira, assim como de costume, com a abertura da pra\u00e7a de alimenta\u00e7\u00e3o das 17h \u00e0s 22h ao som de m\u00fasica ao vivo e happy hour. No s\u00e1bado, o local abre das 5h \u00e0s 12h.<\/p>\n<p data-raofz=\"16\"><strong>CASA DO ARTES\u00c3O<\/strong><\/p>\n<p data-raofz=\"16\">A administra\u00e7\u00e3o da Casa do Artes\u00e3o \u2013 que \u00e9 da ACLAMS (Associa\u00e7\u00e3o Costa Leste de Artes\u00e3os do Mato Grosso do Sul) \u2013 informou que o local estar\u00e1 fechado na quinta-feira, mas abre normalmente na sexta-feira (09) das 7h30 \u00e0s 11h e das 13h \u00e0s 17h.<\/p>\n<p data-raofz=\"16\"><strong>SHOPPING POPULAR<\/strong><\/p>\n<p data-raofz=\"16\">Conforme a presid\u00eancia do Shopping Popular, localizado na Circular da Lagoa Maior, o local estar\u00e1 aberto para atendimento das 8h \u00e0s 12h nesta quinta-feira e, na sexta-feira (09), funciona em hor\u00e1rio normal das 08h \u00e0s 19h.<\/p>\n","protected":false},"excerpt":{"rendered":"<p>Nesta quinta-feira, 30 de maio, e na sexta-feira, 31 de maio, diversos setores p\u00fablicos e privados estar\u00e3o fechados por conta do Feriado de Corpus Christi e o ponto facultativo dado pela Prefeitura de Tr\u00eas Lagoas. Todos voltam ao expediente normal na segunda-feira, 03 de junho, \u00e0s 7h. Desta forma, a Prefeitura de Tr\u00eas Lagoas informa [&hellip;]<\/p>\n","protected":false},"author":2,"featured_media":27316,"comment_status":"open","ping_status":"open","sticky":false,"template":"","format":"standard","meta":{"om_disable_all_campaigns":false,"_monsterinsights_skip_tracking":false,"_monsterinsights_sitenote_active":false,"_monsterinsights_sitenote_note":"","_monsterinsights_sitenote_category":0,"footnotes":""},"categories":[36,48],"tags":[],"aioseo_notices":[],"_links":{"self":[{"href":"https:\/\/expressaoms.com.br\/index.php\/wp-json\/wp\/v2\/posts\/27315"}],"collection":[{"href":"https:\/\/expressaoms.com.br\/index.php\/wp-json\/wp\/v2\/posts"}],"about":[{"href":"https:\/\/expressaoms.com.br\/index.php\/wp-json\/wp\/v2\/types\/post"}],"author":[{"embeddable":true,"href":"https:\/\/expressaoms.com.br\/index.php\/wp-json\/wp\/v2\/users\/2"}],"replies":[{"embeddable":true,"href":"https:\/\/expressaoms.com.br\/index.php\/wp-json\/wp\/v2\/comments?post=27315"}],"version-history":[{"count":1,"href":"https:\/\/expressaoms.com.br\/index.php\/wp-json\/wp\/v2\/posts\/27315\/revisions"}],"predecessor-version":[{"id":27317,"href":"https:\/\/expressaoms.com.br\/index.php\/wp-json\/wp\/v2\/posts\/27315\/revisions\/27317"}],"wp:featuredmedia":[{"embeddable":true,"href":"https:\/\/expressaoms.com.br\/index.php\/wp-json\/wp\/v2\/media\/27316"}],"wp:attachment":[{"href":"https:\/\/expressaoms.com.br\/index.php\/wp-json\/wp\/v2\/media?parent=27315"}],"wp:term":[{"taxonomy":"category","embeddable":true,"href":"https:\/\/expressaoms.com.br\/index.php\/wp-json\/wp\/v2\/categories?post=27315"},{"taxonomy":"post_tag","embeddable":true,"href":"https:\/\/expressaoms.com.br\/index.php\/wp-json\/wp\/v2\/tags?post=27315"}],"curies":[{"name":"wp","href":"https:\/\/api.w.org\/{rel}","templated":true}]}}