{"id":27318,"date":"2024-05-28T18:38:51","date_gmt":"2024-05-28T21:38:51","guid":{"rendered":"https:\/\/expressaoms.com.br\/?p=27318"},"modified":"2024-05-28T18:38:51","modified_gmt":"2024-05-28T21:38:51","slug":"ministerio-da-saude-anuncia-novo-esquema-de-vacinacao-contra-a-covid-19-veja-o-que-muda","status":"publish","type":"post","link":"https:\/\/expressaoms.com.br\/index.php\/2024\/05\/28\/ministerio-da-saude-anuncia-novo-esquema-de-vacinacao-contra-a-covid-19-veja-o-que-muda\/","title":{"rendered":"Minist\u00e9rio da Sa\u00fade anuncia novo esquema de vacina\u00e7\u00e3o contra a Covid-19; veja o que muda"},"content":{"rendered":"<p data-raofz=\"16\">O Minist\u00e9rio da Sa\u00fade lan\u00e7ou uma nova campanha de vacina\u00e7\u00e3o contra a Covid-19 com a vacina monovalente \u00d4micron, variante XBB, da farmac\u00eautica americana Moderna. Com isso, a partir de agora, o esquema vacinal ser\u00e1 destinado a crian\u00e7as de 6 meses a menores de 5 anos de idade como rotina no calend\u00e1rio de vacina\u00e7\u00e3o e estrat\u00e9gia de campanha para pessoas acima de 5 anos que integram o grupo priorit\u00e1rio.<\/p>\n<p data-raofz=\"16\">Pessoas fora dos grupos priorit\u00e1rios que tomaram mais de uma dose passam a ser consideradas imunizadas contra o v\u00edrus.<\/p>\n<p data-raofz=\"16\">O novo esquema de 2024 foi avaliado pela C\u00e2mara T\u00e9cnica de Assessoramento em Imuniza\u00e7\u00e3o da Covid-19 (CTAI) e levou em considera\u00e7\u00e3o as recomenda\u00e7\u00f5es atuais da Organiza\u00e7\u00e3o Mundial da Sa\u00fade (OMS) sobre a prioriza\u00e7\u00e3o da vacina\u00e7\u00e3o para os grupos de alto risco e aqueles mais expostos.<\/p>\n<p data-raofz=\"16\">De acordo com o informe t\u00e9cnico divulgado pelo Minist\u00e9rio, o perfil de seguran\u00e7a da vacina monovalente Covid-19 XBB \u00e9 bem conhecido devido ao seu amplo uso em outros pa\u00edses, sendo semelhante ao das vers\u00f5es bivalentes, com a vantagem adicional de ser adaptada para a variante XBB.1.5.<\/p>\n<p data-raofz=\"16\">As vacinas dispon\u00edveis nos postos de vacina\u00e7\u00e3o continuam efetivas contra as variantes em circula\u00e7\u00e3o no pa\u00eds, refor\u00e7a o \u00f3rg\u00e3o. O esquema vacinal completo, incluindo as doses de refor\u00e7o quando recomendadas, \u00e9 essencial para evitar formas graves da doen\u00e7a e \u00f3bitos.<\/p>\n<p data-raofz=\"16\">Os interessados em receber a vacina contra a Covid-19 devem procurar a Unidade de Sa\u00fade da Fam\u00edlia (USF) de refer\u00eancia do seu bairro, munidos de documento de identifica\u00e7\u00e3o e carteira de vacina\u00e7\u00e3o, caso a possuam.<\/p>\n<p data-raofz=\"16\"><strong>ESQUEMA VACINAL<\/strong><\/p>\n<p data-raofz=\"16\">Veja como ficou o esquema vacinal recomendado pelo Minist\u00e9rio a partir de agora:<\/p>\n<p data-raofz=\"16\">Para crian\u00e7as de 6 meses a menores de 5 anos, a vacina foi inclu\u00edda no Calend\u00e1rio de Vacina\u00e7\u00e3o;<\/p>\n<p data-raofz=\"16\">Dose anual ou semestral para grupos priorit\u00e1rios com cinco anos de idade ou mais, independentemente do n\u00famero de doses pr\u00e9vias recebidas;<\/p>\n<p data-raofz=\"16\">Vacina\u00e7\u00e3o de pessoas com mais de cinco anos que n\u00e3o pertencem aos grupos priorit\u00e1rios: poder\u00e3o receber uma dose caso n\u00e3o possuam comprova\u00e7\u00e3o vacinal anterior;<\/p>\n","protected":false},"excerpt":{"rendered":"<p>O Minist\u00e9rio da Sa\u00fade lan\u00e7ou uma nova campanha de vacina\u00e7\u00e3o contra a Covid-19 com a vacina monovalente \u00d4micron, variante XBB, da farmac\u00eautica americana Moderna. Com isso, a partir de agora, o esquema vacinal ser\u00e1 destinado a crian\u00e7as de 6 meses a menores de 5 anos de idade como rotina no calend\u00e1rio de vacina\u00e7\u00e3o e estrat\u00e9gia [&hellip;]<\/p>\n","protected":false},"author":2,"featured_media":27319,"comment_status":"open","ping_status":"open","sticky":false,"template":"","format":"standard","meta":{"om_disable_all_campaigns":false,"_monsterinsights_skip_tracking":false,"_monsterinsights_sitenote_active":false,"_monsterinsights_sitenote_note":"","_monsterinsights_sitenote_category":0,"footnotes":""},"categories":[36,44,48],"tags":[],"aioseo_notices":[],"_links":{"self":[{"href":"https:\/\/expressaoms.com.br\/index.php\/wp-json\/wp\/v2\/posts\/27318"}],"collection":[{"href":"https:\/\/expressaoms.com.br\/index.php\/wp-json\/wp\/v2\/posts"}],"about":[{"href":"https:\/\/expressaoms.com.br\/index.php\/wp-json\/wp\/v2\/types\/post"}],"author":[{"embeddable":true,"href":"https:\/\/expressaoms.com.br\/index.php\/wp-json\/wp\/v2\/users\/2"}],"replies":[{"embeddable":true,"href":"https:\/\/expressaoms.com.br\/index.php\/wp-json\/wp\/v2\/comments?post=27318"}],"version-history":[{"count":1,"href":"https:\/\/expressaoms.com.br\/index.php\/wp-json\/wp\/v2\/posts\/27318\/revisions"}],"predecessor-version":[{"id":27320,"href":"https:\/\/expressaoms.com.br\/index.php\/wp-json\/wp\/v2\/posts\/27318\/revisions\/27320"}],"wp:featuredmedia":[{"embeddable":true,"href":"https:\/\/expressaoms.com.br\/index.php\/wp-json\/wp\/v2\/media\/27319"}],"wp:attachment":[{"href":"https:\/\/expressaoms.com.br\/index.php\/wp-json\/wp\/v2\/media?parent=27318"}],"wp:term":[{"taxonomy":"category","embeddable":true,"href":"https:\/\/expressaoms.com.br\/index.php\/wp-json\/wp\/v2\/categories?post=27318"},{"taxonomy":"post_tag","embeddable":true,"href":"https:\/\/expressaoms.com.br\/index.php\/wp-json\/wp\/v2\/tags?post=27318"}],"curies":[{"name":"wp","href":"https:\/\/api.w.org\/{rel}","templated":true}]}}