{"id":27351,"date":"2024-05-30T12:20:17","date_gmt":"2024-05-30T15:20:17","guid":{"rendered":"https:\/\/expressaoms.com.br\/?p=27351"},"modified":"2024-05-31T12:21:12","modified_gmt":"2024-05-31T15:21:12","slug":"temperaturas-voltam-a-subir-e-feriadao-tem-previsao-de-sol-e-tempo-estavel","status":"publish","type":"post","link":"https:\/\/expressaoms.com.br\/index.php\/2024\/05\/30\/temperaturas-voltam-a-subir-e-feriadao-tem-previsao-de-sol-e-tempo-estavel\/","title":{"rendered":"Temperaturas voltam a subir e feriad\u00e3o tem previs\u00e3o de sol e tempo est\u00e1vel"},"content":{"rendered":"<p>A previs\u00e3o do Cemtec (Centro de Monitoramento do Tempo e do Clima) indica que o tempo permanecer\u00e1 firme nesta quinta-feira (30) e sexta-feira (31), com sol e eleva\u00e7\u00e3o gradativa das temperaturas. A atua\u00e7\u00e3o da alta p\u00f3s-frontal favorece o tempo seco e est\u00e1vel em grande parte de Mato Grosso do Sul.<\/p>\n<p>Em Campo Grande, a quinta inicia com 12\u00b0C e chega aos 24\u00b0C nos hor\u00e1rios mais quentes. Em Dourados, a m\u00ednima \u00e9 de 8\u00b0C e a m\u00e1xima de 21\u00b0C. Na fronteira com o Paraguai, os term\u00f4metros em Ponta Por\u00e3 marcam 8\u00b0C pela manh\u00e3 e 20\u00b0C \u00e0 tarde. Anauril\u00e2ndia, no leste, apresenta varia\u00e7\u00e3o entre 9\u00b0C e 23\u00b0C.<\/p>\n<p>No Bols\u00e3o, Parana\u00edba tem m\u00ednima de 12\u00b0C e m\u00e1xima de 25\u00b0C; Tr\u00eas Lagoas amanhece com 11\u00b0C e tamb\u00e9m atinge os 25\u00b0C. Na regi\u00e3o norte, Camapu\u00e3 e Coxim apresentam m\u00ednimas de 13\u00b0C, com m\u00e1ximas de 27\u00b0C e 28\u00b0C, respectivamente.<\/p>\n<p>Na regi\u00e3o pantaneira, os valores em Corumb\u00e1 variam entre 14\u00b0C e 25\u00b0C, j\u00e1 em Aquidauana a varia\u00e7\u00e3o \u00e9 entre 12\u00b0C e 26\u00b0C. Em Porto Murtinho, no sudoeste do Estado, os term\u00f4metros registram 9\u00b0C inicialmente e chegam aos 26\u00b0C ao longo do dia.<\/p>\n<p><strong>Sexta-feira<\/strong><\/p>\n<p>Para esta sexta-feira (31), a previs\u00e3o do Cemtec (Centro de Monitoramento do Tempo e do Clima) indica tempo firme, com sol e varia\u00e7\u00e3o de nebulosidade.<\/p>\n<p>&#8220;Esta situa\u00e7\u00e3o meteorol\u00f3gica ocorre devido a atua\u00e7\u00e3o de um sistema de alta press\u00e3o atmosf\u00e9rica que favorece o tempo seco&#8221;, explica o \u00f3rg\u00e3o. Al\u00e9m disso, os ventos atuam entre o quadrante sul e leste com valores entre 30-50km\/h e, pontualmente, podem ocorrer rajadas de vento acima de 50km\/h.<\/p>\n<p>Em Campo Grande, a m\u00ednima prevista \u00e9 de 14\u00b0C e a m\u00e1xima de 24\u00b0C. Os term\u00f4metros em Dourados marcam 10\u00b0C inicialmente e chegam aos 23\u00b0C ao longo do dia. Na regi\u00e3o sul, Iguatemi e Ponta Por\u00e3 atingem 22\u00b0C \u00e0 tarde, com m\u00ednimas de 9\u00b0C e 11\u00b0C, respectivamente.<\/p>\n<p>Na regi\u00e3o do Bols\u00e3o, Parana\u00edba apresenta varia\u00e7\u00e3o entre 13\u00b0C e 25\u00b0C, j\u00e1 Tr\u00eas Lagoas tem m\u00ednima de 12\u00b0C e m\u00e1xima de 23\u00b0C. Coxim, no norte, amanhece com 15\u00b0C e registra 29\u00b0C nos hor\u00e1rios mais quentes.<\/p>\n<p>Em Corumb\u00e1, no Pantanal, a m\u00ednima \u00e9 de 17\u00b0C e a m\u00e1xima de 28\u00b0C; Aquidauana, na mesma regi\u00e3o, marca 15\u00b0C pela manh\u00e3 e 28\u00b0C \u00e0 tarde. Na regi\u00e3o sudoeste, os valores em Porto Murtinho variam entre 14\u00b0C e 29\u00b0C.<\/p>\n<div id=\"gallery-1\" class=\"gallery galleryid-478228 gallery-columns-2 gallery-size-large\">\n<figure class=\"gallery-item\">\n<div class=\"gallery-icon landscape\"><a href=\"https:\/\/agenciadenoticias.ms.gov.br\/wp-content\/uploads\/2024\/05\/Mapa-Previsao-30-05-24.jpeg\"><img fetchpriority=\"high\" decoding=\"async\" class=\"attachment-large size-large\" src=\"https:\/\/agenciadenoticias.ms.gov.br\/wp-content\/uploads\/2024\/05\/Mapa-Previsao-30-05-24-1024x724.jpeg\" sizes=\"(max-width: 1024px) 100vw, 1024px\" srcset=\"https:\/\/agenciadenoticias.ms.gov.br\/wp-content\/uploads\/2024\/05\/Mapa-Previsao-30-05-24-1024x724.jpeg 1024w, https:\/\/agenciadenoticias.ms.gov.br\/wp-content\/uploads\/2024\/05\/Mapa-Previsao-30-05-24-300x212.jpeg 300w, https:\/\/agenciadenoticias.ms.gov.br\/wp-content\/uploads\/2024\/05\/Mapa-Previsao-30-05-24-768x543.jpeg 768w, https:\/\/agenciadenoticias.ms.gov.br\/wp-content\/uploads\/2024\/05\/Mapa-Previsao-30-05-24-1536x1086.jpeg 1536w, https:\/\/agenciadenoticias.ms.gov.br\/wp-content\/uploads\/2024\/05\/Mapa-Previsao-30-05-24-340x240.jpeg 340w, https:\/\/agenciadenoticias.ms.gov.br\/wp-content\/uploads\/2024\/05\/Mapa-Previsao-30-05-24.jpeg 1600w\" alt=\"\" width=\"1024\" height=\"724\" data-uw-rm-alt-original=\"\" \/><\/a><\/div>\n<\/figure>\n<figure class=\"gallery-item\">\n<div class=\"gallery-icon landscape\"><a href=\"https:\/\/agenciadenoticias.ms.gov.br\/wp-content\/uploads\/2024\/05\/Mapa-Previsao-31-05-24.jpeg\"><img decoding=\"async\" class=\"attachment-large size-large\" src=\"https:\/\/agenciadenoticias.ms.gov.br\/wp-content\/uploads\/2024\/05\/Mapa-Previsao-31-05-24-1024x724.jpeg\" sizes=\"(max-width: 1024px) 100vw, 1024px\" srcset=\"https:\/\/agenciadenoticias.ms.gov.br\/wp-content\/uploads\/2024\/05\/Mapa-Previsao-31-05-24-1024x724.jpeg 1024w, https:\/\/agenciadenoticias.ms.gov.br\/wp-content\/uploads\/2024\/05\/Mapa-Previsao-31-05-24-300x212.jpeg 300w, https:\/\/agenciadenoticias.ms.gov.br\/wp-content\/uploads\/2024\/05\/Mapa-Previsao-31-05-24-768x543.jpeg 768w, https:\/\/agenciadenoticias.ms.gov.br\/wp-content\/uploads\/2024\/05\/Mapa-Previsao-31-05-24-1536x1086.jpeg 1536w, https:\/\/agenciadenoticias.ms.gov.br\/wp-content\/uploads\/2024\/05\/Mapa-Previsao-31-05-24-340x240.jpeg 340w, https:\/\/agenciadenoticias.ms.gov.br\/wp-content\/uploads\/2024\/05\/Mapa-Previsao-31-05-24.jpeg 1600w\" alt=\"\" width=\"1024\" height=\"724\" data-uw-rm-alt-original=\"\" \/><\/a><\/div>\n<\/figure>\n<\/div>\n","protected":false},"excerpt":{"rendered":"<p>A previs\u00e3o do Cemtec (Centro de Monitoramento do Tempo e do Clima) indica que o tempo permanecer\u00e1 firme nesta quinta-feira (30) e sexta-feira (31), com sol e eleva\u00e7\u00e3o gradativa das temperaturas. A atua\u00e7\u00e3o da alta p\u00f3s-frontal favorece o tempo seco e est\u00e1vel em grande parte de Mato Grosso do Sul. Em Campo Grande, a quinta [&hellip;]<\/p>\n","protected":false},"author":2,"featured_media":27352,"comment_status":"open","ping_status":"open","sticky":false,"template":"","format":"standard","meta":{"om_disable_all_campaigns":false,"_monsterinsights_skip_tracking":false,"_monsterinsights_sitenote_active":false,"_monsterinsights_sitenote_note":"","_monsterinsights_sitenote_category":0,"footnotes":""},"categories":[30,36,266,47],"tags":[],"aioseo_notices":[],"_links":{"self":[{"href":"https:\/\/expressaoms.com.br\/index.php\/wp-json\/wp\/v2\/posts\/27351"}],"collection":[{"href":"https:\/\/expressaoms.com.br\/index.php\/wp-json\/wp\/v2\/posts"}],"about":[{"href":"https:\/\/expressaoms.com.br\/index.php\/wp-json\/wp\/v2\/types\/post"}],"author":[{"embeddable":true,"href":"https:\/\/expressaoms.com.br\/index.php\/wp-json\/wp\/v2\/users\/2"}],"replies":[{"embeddable":true,"href":"https:\/\/expressaoms.com.br\/index.php\/wp-json\/wp\/v2\/comments?post=27351"}],"version-history":[{"count":1,"href":"https:\/\/expressaoms.com.br\/index.php\/wp-json\/wp\/v2\/posts\/27351\/revisions"}],"predecessor-version":[{"id":27353,"href":"https:\/\/expressaoms.com.br\/index.php\/wp-json\/wp\/v2\/posts\/27351\/revisions\/27353"}],"wp:featuredmedia":[{"embeddable":true,"href":"https:\/\/expressaoms.com.br\/index.php\/wp-json\/wp\/v2\/media\/27352"}],"wp:attachment":[{"href":"https:\/\/expressaoms.com.br\/index.php\/wp-json\/wp\/v2\/media?parent=27351"}],"wp:term":[{"taxonomy":"category","embeddable":true,"href":"https:\/\/expressaoms.com.br\/index.php\/wp-json\/wp\/v2\/categories?post=27351"},{"taxonomy":"post_tag","embeddable":true,"href":"https:\/\/expressaoms.com.br\/index.php\/wp-json\/wp\/v2\/tags?post=27351"}],"curies":[{"name":"wp","href":"https:\/\/api.w.org\/{rel}","templated":true}]}}