{"id":27357,"date":"2024-05-30T12:27:06","date_gmt":"2024-05-30T15:27:06","guid":{"rendered":"https:\/\/expressaoms.com.br\/?p=27357"},"modified":"2024-05-31T12:28:03","modified_gmt":"2024-05-31T15:28:03","slug":"banda-cristo-redentor-participa-da-visita-guiada-a-camara","status":"publish","type":"post","link":"https:\/\/expressaoms.com.br\/index.php\/2024\/05\/30\/banda-cristo-redentor-participa-da-visita-guiada-a-camara\/","title":{"rendered":"Banda Cristo Redentor participa da visita guiada \u00e0 C\u00e2mara"},"content":{"rendered":"<p>O projeto Visita Guiada nesta quarta-feira (29) recebeu os alunos da Banda Cristo Redentor, que participaram de palestras, jogos, conheceram os mascotes do Legislativo Municipal, \u201cOs Camaradas\u201d, lancharam, assistiram a v\u00eddeos institucionais e interagem com os vereadores presentes. No plen\u00e1rio, foram acolhidos pelo presidente da C\u00e2mara, Doutor Cassiano Maia, por meio de um v\u00eddeo.<\/p>\n<p>Em outro v\u00eddeo, servidores da Assessoria de Comunica\u00e7\u00e3o explicam sobre os tr\u00eas poderes, princ\u00edpios democr\u00e1ticos e como uma lei \u00e9 formulada, usando linguagem simples e exemplo pr\u00f3ximo \u00e0 realidade dos jovens.<\/p>\n<p>Edilson L\u00facio Cordeiro, respons\u00e1vel pelo grupo com 25 adolescentes, veio acompanhado do professor de educa\u00e7\u00e3o f\u00edsica Roberto. Para ele, que traz os alunos pela segunda vez, a visita \u00e9 importante por \u201crefor\u00e7a todas as informa\u00e7\u00f5es sobre direitos e deveres que passamos para eles, as orienta\u00e7\u00f5es sobre leis, palestras\u201d.<\/p>\n<p>Keyla G., 15 anos, disse que j\u00e1 visitou a C\u00e2mara em outras oportunidades, como solenidades e sess\u00f5es ordin\u00e1rias, \u201cmas \u00e9 sempre legal acrescentar conhecimento daquilo que a gente n\u00e3o sabe\u201d, destacou.<\/p>\n<p><strong>\u00a0<\/strong><\/p>\n<p><strong>Escola do Legislativo<\/strong><\/p>\n<p>O que \u00e9 Poder Legislativo? E os outros poderes da Rep\u00fablica? Porque uma cidade tem vereadores? Para responder a estas e outras perguntas a Escola do Legislativo da C\u00e2mara Municipal de Tr\u00eas Lagoas realiza visitas guiadas.<\/p>\n<p>A coordenadora da Escola do Legislativo, Mayara da Silva Reis Zotelli, refor\u00e7a todos os conceitos necess\u00e1rios com atividades interativas e respondendo \u00a0a poss\u00edveis questionamentos dos presentes.<\/p>\n<p>Para saber mais sobre o agendamento das visitas, entre em contato com a coordenadora Mayara pelo ramal (67) 3509-6375.<\/p>\n","protected":false},"excerpt":{"rendered":"<p>O projeto Visita Guiada nesta quarta-feira (29) recebeu os alunos da Banda Cristo Redentor, que participaram de palestras, jogos, conheceram os mascotes do Legislativo Municipal, \u201cOs Camaradas\u201d, lancharam, assistiram a v\u00eddeos institucionais e interagem com os vereadores presentes. No plen\u00e1rio, foram acolhidos pelo presidente da C\u00e2mara, Doutor Cassiano Maia, por meio de um v\u00eddeo. Em [&hellip;]<\/p>\n","protected":false},"author":2,"featured_media":27358,"comment_status":"open","ping_status":"open","sticky":false,"template":"","format":"standard","meta":{"om_disable_all_campaigns":false,"_monsterinsights_skip_tracking":false,"_monsterinsights_sitenote_active":false,"_monsterinsights_sitenote_note":"","_monsterinsights_sitenote_category":0,"footnotes":""},"categories":[30,42,48],"tags":[],"aioseo_notices":[],"_links":{"self":[{"href":"https:\/\/expressaoms.com.br\/index.php\/wp-json\/wp\/v2\/posts\/27357"}],"collection":[{"href":"https:\/\/expressaoms.com.br\/index.php\/wp-json\/wp\/v2\/posts"}],"about":[{"href":"https:\/\/expressaoms.com.br\/index.php\/wp-json\/wp\/v2\/types\/post"}],"author":[{"embeddable":true,"href":"https:\/\/expressaoms.com.br\/index.php\/wp-json\/wp\/v2\/users\/2"}],"replies":[{"embeddable":true,"href":"https:\/\/expressaoms.com.br\/index.php\/wp-json\/wp\/v2\/comments?post=27357"}],"version-history":[{"count":1,"href":"https:\/\/expressaoms.com.br\/index.php\/wp-json\/wp\/v2\/posts\/27357\/revisions"}],"predecessor-version":[{"id":27359,"href":"https:\/\/expressaoms.com.br\/index.php\/wp-json\/wp\/v2\/posts\/27357\/revisions\/27359"}],"wp:featuredmedia":[{"embeddable":true,"href":"https:\/\/expressaoms.com.br\/index.php\/wp-json\/wp\/v2\/media\/27358"}],"wp:attachment":[{"href":"https:\/\/expressaoms.com.br\/index.php\/wp-json\/wp\/v2\/media?parent=27357"}],"wp:term":[{"taxonomy":"category","embeddable":true,"href":"https:\/\/expressaoms.com.br\/index.php\/wp-json\/wp\/v2\/categories?post=27357"},{"taxonomy":"post_tag","embeddable":true,"href":"https:\/\/expressaoms.com.br\/index.php\/wp-json\/wp\/v2\/tags?post=27357"}],"curies":[{"name":"wp","href":"https:\/\/api.w.org\/{rel}","templated":true}]}}