{"id":27439,"date":"2024-06-05T11:34:56","date_gmt":"2024-06-05T14:34:56","guid":{"rendered":"https:\/\/expressaoms.com.br\/?p=27439"},"modified":"2024-06-05T11:34:56","modified_gmt":"2024-06-05T14:34:56","slug":"109-anos-veja-a-agenda-de-eventos-em-comemoracao-ao-aniversario-de-tres-lagoas","status":"publish","type":"post","link":"https:\/\/expressaoms.com.br\/index.php\/2024\/06\/05\/109-anos-veja-a-agenda-de-eventos-em-comemoracao-ao-aniversario-de-tres-lagoas\/","title":{"rendered":"109 ANOS \u2013 Veja a agenda de eventos em comemora\u00e7\u00e3o ao anivers\u00e1rio de Tr\u00eas Lagoas"},"content":{"rendered":"<p data-raofz=\"16\">Est\u00e1 chegando o anivers\u00e1rio de 109 anos de emancipa\u00e7\u00e3o pol\u00edtico-administrativa de Tr\u00eas Lagoas, no dia 15 de junho. Para celebrar essa data t\u00e3o importante, a Prefeitura de Tr\u00eas Lagoas promover\u00e1 uma agenda de eventos em comemora\u00e7\u00e3o ao anivers\u00e1rio da cidade.<\/p>\n<p data-raofz=\"16\">As celebra\u00e7\u00f5es iniciam no dia 13 de junho, com a Missa de Santo Ant\u00f4nio, \u00e0s 8 horas, na Igreja de Santo Ant\u00f4nio.<\/p>\n<p data-raofz=\"16\">No dia 14 de junho, a Secretaria de Assist\u00eancia Social realizar\u00e1 o Festival de Bandas e Fanfarras no Galp\u00e3o da Esplanada NOB, a partir das 19 horas.<\/p>\n<p data-raofz=\"16\">E para comemorar o anivers\u00e1rio de Tr\u00eas Lagoas, o primeiro evento ser\u00e1 \u00e0s 7h30, na Pra\u00e7a Senador Ramez Tebet, com o hasteamento do Pavilh\u00e3o Nacional e, logo ap\u00f3s, \u00e0s 8 horas, o tradicional Desfile C\u00edvico de 109 anos, no Galp\u00e3o da NOB, com a presen\u00e7a das secretarias da Administra\u00e7\u00e3o Municipal, entidades, escolas p\u00fablicas e privadas, entre outros \u00f3rg\u00e3os sediados na cidade.<\/p>\n<p data-raofz=\"16\"><strong>AGENDA<\/strong><\/p>\n<p data-raofz=\"16\">Dia 13 (quinta-feira) \u2013 8h \u2013 Missa de Santo Ant\u00f4nio \u2013 Igreja de Santo Ant\u00f4nio<\/p>\n<p data-raofz=\"16\">Dia 14 (sexta-feira) \u2013 19h \u2013 Festival de Bandas e Fanfarras \u2013 Galp\u00e3o da Esplanada NOB<\/p>\n<p data-raofz=\"16\">Dia 15 (s\u00e1bado)<\/p>\n<p data-raofz=\"16\">7h30 \u2013 Hasteamento do Pavilh\u00e3o Nacional \u2013 Pra\u00e7a Senador Ramez Tebet<\/p>\n<p data-raofz=\"16\">15\/06 \u2013 8h \u2013 Desfile C\u00edvico de 109 anos de Tr\u00eas Lagoas<\/p>\n","protected":false},"excerpt":{"rendered":"<p>Est\u00e1 chegando o anivers\u00e1rio de 109 anos de emancipa\u00e7\u00e3o pol\u00edtico-administrativa de Tr\u00eas Lagoas, no dia 15 de junho. Para celebrar essa data t\u00e3o importante, a Prefeitura de Tr\u00eas Lagoas promover\u00e1 uma agenda de eventos em comemora\u00e7\u00e3o ao anivers\u00e1rio da cidade. As celebra\u00e7\u00f5es iniciam no dia 13 de junho, com a Missa de Santo Ant\u00f4nio, \u00e0s [&hellip;]<\/p>\n","protected":false},"author":2,"featured_media":27440,"comment_status":"open","ping_status":"open","sticky":false,"template":"","format":"standard","meta":{"om_disable_all_campaigns":false,"_monsterinsights_skip_tracking":false,"_monsterinsights_sitenote_active":false,"_monsterinsights_sitenote_note":"","_monsterinsights_sitenote_category":0,"footnotes":""},"categories":[30,35,48],"tags":[],"aioseo_notices":[],"_links":{"self":[{"href":"https:\/\/expressaoms.com.br\/index.php\/wp-json\/wp\/v2\/posts\/27439"}],"collection":[{"href":"https:\/\/expressaoms.com.br\/index.php\/wp-json\/wp\/v2\/posts"}],"about":[{"href":"https:\/\/expressaoms.com.br\/index.php\/wp-json\/wp\/v2\/types\/post"}],"author":[{"embeddable":true,"href":"https:\/\/expressaoms.com.br\/index.php\/wp-json\/wp\/v2\/users\/2"}],"replies":[{"embeddable":true,"href":"https:\/\/expressaoms.com.br\/index.php\/wp-json\/wp\/v2\/comments?post=27439"}],"version-history":[{"count":1,"href":"https:\/\/expressaoms.com.br\/index.php\/wp-json\/wp\/v2\/posts\/27439\/revisions"}],"predecessor-version":[{"id":27441,"href":"https:\/\/expressaoms.com.br\/index.php\/wp-json\/wp\/v2\/posts\/27439\/revisions\/27441"}],"wp:featuredmedia":[{"embeddable":true,"href":"https:\/\/expressaoms.com.br\/index.php\/wp-json\/wp\/v2\/media\/27440"}],"wp:attachment":[{"href":"https:\/\/expressaoms.com.br\/index.php\/wp-json\/wp\/v2\/media?parent=27439"}],"wp:term":[{"taxonomy":"category","embeddable":true,"href":"https:\/\/expressaoms.com.br\/index.php\/wp-json\/wp\/v2\/categories?post=27439"},{"taxonomy":"post_tag","embeddable":true,"href":"https:\/\/expressaoms.com.br\/index.php\/wp-json\/wp\/v2\/tags?post=27439"}],"curies":[{"name":"wp","href":"https:\/\/api.w.org\/{rel}","templated":true}]}}