{"id":27498,"date":"2024-06-07T07:59:03","date_gmt":"2024-06-07T10:59:03","guid":{"rendered":"https:\/\/expressaoms.com.br\/?p=27498"},"modified":"2024-06-07T07:59:03","modified_gmt":"2024-06-07T10:59:03","slug":"policia-penal-participa-de-caravana-que-levara-doacoes-a-populacao-gaucha","status":"publish","type":"post","link":"https:\/\/expressaoms.com.br\/index.php\/2024\/06\/07\/policia-penal-participa-de-caravana-que-levara-doacoes-a-populacao-gaucha\/","title":{"rendered":"Pol\u00edcia Penal participa de caravana que levar\u00e1 doa\u00e7\u00f5es \u00e0 popula\u00e7\u00e3o ga\u00facha"},"content":{"rendered":"<p>Um percurso aproximado de 1,5 mil quil\u00f4metros e tr\u00eas dias na estrada at\u00e9 chegar a Porto Alegre, cansativo mas repleto de muita disposi\u00e7\u00e3o e solidariedade, marca a sa\u00edda dos policiais penais na caravana para a entrega de materiais de higiene, agasalhos e cobertores \u00e0 popula\u00e7\u00e3o do Rio Grande do Sul.<\/p>\n<p>O estado se recupera das recentes enchentes que devastaram grande parte das cidades. Os servidores Altamir Souza Figueiredo e Arthur Silva Espinosa, lotados no N\u00facleo de Transportes da institui\u00e7\u00e3o, foram os designados nesta miss\u00e3o.<\/p>\n<figure id=\"attachment_80668\" class=\"wp-caption alignright\" aria-describedby=\"caption-attachment-80668\"><a href=\"https:\/\/www.agepen.ms.gov.br\/wp-content\/uploads\/2024\/06\/Altamir-motorista-ok.jpg\"><img fetchpriority=\"high\" decoding=\"async\" class=\"wp-image-80668 size-medium\" src=\"https:\/\/www.agepen.ms.gov.br\/wp-content\/uploads\/2024\/06\/Altamir-motorista-ok-300x239.jpg\" alt=\"\" width=\"300\" height=\"239\" \/><\/a><figcaption id=\"caption-attachment-80668\" class=\"wp-caption-text\">Policial penal Altamir se sente lisonjeado em participar da miss\u00e3o.<\/figcaption><\/figure>\n<p>Com 25 anos de carreira, o policial penal Altamir se sente lisonjeado em contribuir de forma direta com essa a\u00e7\u00e3o social.<\/p>\n<p>&#8220;Independente da dist\u00e2ncia que vamos enfrentar, inclusive meu anivers\u00e1rio no pr\u00f3ximo dia 09 vou comemorar de forma diferente, com sentimento de esperan\u00e7a no meu cora\u00e7\u00e3o e de dever cumprido. Esse trajeto vai nos trazer muita reflex\u00e3o e um significado novo de amor ao pr\u00f3ximo&#8221;, revela.<\/p>\n<p>As arrecada\u00e7\u00f5es fazem parte da campanha MS Pela Vida &#8211; Unidos Pelo Rio Grande do Sul, parceria do Governo do Estado de Mato Grosso do Sul com a Fiems (Federa\u00e7\u00e3o das Ind\u00fastrias), a qual arrecadou milhares de itens com apoio de diversas institui\u00e7\u00f5es e foram alocados no Centro de Conven\u00e7\u00f5es e Exposi\u00e7\u00f5es Albano Franco, em Campo Grande.<\/p>\n<p>Carregado com cerca de cinco toneladas de produtos, o caminh\u00e3o Volks 9-170 foi disponibilizado pela dire\u00e7\u00e3o da Agepen (Ag\u00eancia Estadual de Administra\u00e7\u00e3o do Sistema Penitenci\u00e1rio) para contribuir na distribui\u00e7\u00e3o dos recursos e doa\u00e7\u00f5es de forma mais \u00e1gil ao povo ga\u00facho.<\/p>\n<p>Ao todo, est\u00e3o sendo transportados 1.680 itens, dentre eles kit de higiene pessoal, cobertores, roupas de cama, vestu\u00e1rio e itens diversos.<\/p>\n<figure id=\"attachment_80670\" class=\"wp-caption aligncenter\" aria-describedby=\"caption-attachment-80670\"><a href=\"https:\/\/www.agepen.ms.gov.br\/wp-content\/uploads\/2024\/06\/Carregamento-ok.jpg\"><img decoding=\"async\" class=\"wp-image-80670 size-full\" src=\"https:\/\/www.agepen.ms.gov.br\/wp-content\/uploads\/2024\/06\/Carregamento-ok.jpg\" alt=\"\" width=\"815\" height=\"602\" \/><\/a><figcaption id=\"caption-attachment-80670\" class=\"wp-caption-text\">Cerca de cinco toneladas de doa\u00e7\u00f5es foram carregadas no Centro de Conven\u00e7\u00f5es e Exposi\u00e7\u00f5es Albano Franco.<\/figcaption><\/figure>\n<p>Para o policial penal Espinosa, a frustra\u00e7\u00e3o em ver a trag\u00e9dia no RS e n\u00e3o conseguir ajudar de alguma forma hoje perde espa\u00e7o para a gratid\u00e3o.<\/p>\n<p>&#8220;Para mim participar dessa miss\u00e3o \u00e9 exercer meu papel de cidad\u00e3o, de crist\u00e3o, principalmente como pai de fam\u00edlia eu posso entender o sofrimento daqueles que perderam tudo. E hoje como Policial Penal, tenho a oportunidade de contribuir nesse ato de solidariedade levando material de higiene e roupas para o Rio Grande do Sul. Agrade\u00e7o a todos da dire\u00e7\u00e3o que n\u00e3o pouparam esfor\u00e7os em ajudar nessa for\u00e7a-tarefa&#8221;, disse.<\/p>\n<p>O diretor-presidente da Agepen, Rodrigo Rossi Maiorchini, destacou que o apoio log\u00edstico para a distribui\u00e7\u00e3o das doa\u00e7\u00f5es \u00e9 reflexo da boa vontade da gest\u00e3o e de toda a equipe de servidores em contribuir com a diminui\u00e7\u00e3o do sofrimento de quem tanto necessita.<\/p>\n<p>&#8220;Tamb\u00e9m realizamos as nossas campanhas de arrecada\u00e7\u00e3o que envolveu os policiais penas da capital e interior e os grupamentos especializados; nossa inten\u00e7\u00e3o \u00e9 ajudar direta e indiretamente na recupera\u00e7\u00e3o do Estado ga\u00facho&#8221;, afirmou.<\/p>\n<p>Assim como a Pol\u00edcia Penal, caminh\u00f5es de diferentes institui\u00e7\u00f5es seguem na log\u00edstica de entrega das doa\u00e7\u00f5es, prestando apoio na recupera\u00e7\u00e3o e assist\u00eancia ao Rio Grande do Sul.<\/p>\n","protected":false},"excerpt":{"rendered":"<p>Um percurso aproximado de 1,5 mil quil\u00f4metros e tr\u00eas dias na estrada at\u00e9 chegar a Porto Alegre, cansativo mas repleto de muita disposi\u00e7\u00e3o e solidariedade, marca a sa\u00edda dos policiais penais na caravana para a entrega de materiais de higiene, agasalhos e cobertores \u00e0 popula\u00e7\u00e3o do Rio Grande do Sul. O estado se recupera das [&hellip;]<\/p>\n","protected":false},"author":2,"featured_media":27499,"comment_status":"open","ping_status":"open","sticky":false,"template":"","format":"standard","meta":{"om_disable_all_campaigns":false,"_monsterinsights_skip_tracking":false,"_monsterinsights_sitenote_active":false,"_monsterinsights_sitenote_note":"","_monsterinsights_sitenote_category":0,"footnotes":""},"categories":[36,266],"tags":[],"aioseo_notices":[],"_links":{"self":[{"href":"https:\/\/expressaoms.com.br\/index.php\/wp-json\/wp\/v2\/posts\/27498"}],"collection":[{"href":"https:\/\/expressaoms.com.br\/index.php\/wp-json\/wp\/v2\/posts"}],"about":[{"href":"https:\/\/expressaoms.com.br\/index.php\/wp-json\/wp\/v2\/types\/post"}],"author":[{"embeddable":true,"href":"https:\/\/expressaoms.com.br\/index.php\/wp-json\/wp\/v2\/users\/2"}],"replies":[{"embeddable":true,"href":"https:\/\/expressaoms.com.br\/index.php\/wp-json\/wp\/v2\/comments?post=27498"}],"version-history":[{"count":1,"href":"https:\/\/expressaoms.com.br\/index.php\/wp-json\/wp\/v2\/posts\/27498\/revisions"}],"predecessor-version":[{"id":27500,"href":"https:\/\/expressaoms.com.br\/index.php\/wp-json\/wp\/v2\/posts\/27498\/revisions\/27500"}],"wp:featuredmedia":[{"embeddable":true,"href":"https:\/\/expressaoms.com.br\/index.php\/wp-json\/wp\/v2\/media\/27499"}],"wp:attachment":[{"href":"https:\/\/expressaoms.com.br\/index.php\/wp-json\/wp\/v2\/media?parent=27498"}],"wp:term":[{"taxonomy":"category","embeddable":true,"href":"https:\/\/expressaoms.com.br\/index.php\/wp-json\/wp\/v2\/categories?post=27498"},{"taxonomy":"post_tag","embeddable":true,"href":"https:\/\/expressaoms.com.br\/index.php\/wp-json\/wp\/v2\/tags?post=27498"}],"curies":[{"name":"wp","href":"https:\/\/api.w.org\/{rel}","templated":true}]}}