{"id":27555,"date":"2024-06-10T04:51:25","date_gmt":"2024-06-10T07:51:25","guid":{"rendered":"https:\/\/expressaoms.com.br\/?p=27555"},"modified":"2024-06-10T08:56:19","modified_gmt":"2024-06-10T11:56:19","slug":"ms-tem-semana-com-previsao-de-tempo-estavel-e-amplitude-termica-que-pode-variar-20c-diariamente","status":"publish","type":"post","link":"https:\/\/expressaoms.com.br\/index.php\/2024\/06\/10\/ms-tem-semana-com-previsao-de-tempo-estavel-e-amplitude-termica-que-pode-variar-20c-diariamente\/","title":{"rendered":"MS tem semana com previs\u00e3o de tempo est\u00e1vel e amplitude t\u00e9rmica que pode variar 20\u00b0C diariamente"},"content":{"rendered":"<p>A previs\u00e3o do tempo para a semana em Mato Grosso do Sul indica tempo est\u00e1vel com sol e poucas nuvens, de acordo com dados do Cemtec (Centro de Monitoramento e do Clima de MS). Esta condi\u00e7\u00e3o meteorol\u00f3gica ocorre devido a atua\u00e7\u00e3o de uma alta press\u00e3o atmosf\u00e9rica que inibe a forma\u00e7\u00e3o de nuvens, favorecendo o tempo quente e seco no Estado.<\/p>\n<p>Devido a presen\u00e7a do ar seco s\u00e3o esperadas altas amplitudes t\u00e9rmicas, que \u00e9 diferen\u00e7a entre a temperatura m\u00e1xima e a m\u00ednima, podendo atingir at\u00e9 20\u00b0C de varia\u00e7\u00e3o no mesmo dia.<\/p>\n<p>As temperaturas m\u00ednimas seguem amenas ao amanhecer, com valores entre 14\u00b0C a 18\u00b0C e as m\u00e1ximas ficam elevadas e podem atingir valores entre 30\u00b0C a 36\u00b0C. Al\u00e9m disso, s\u00e3o esperados baixos valores de umidade relativa do ar, entre 15% a 35%, com destaque para as regi\u00f5es sudoeste, pantaneira e norte do Estado.<\/p>\n<p>&#8220;Por isso, recomenda-se beber bastante l\u00edquido, evitar exposi\u00e7\u00e3o ao sol nos hor\u00e1rios mais quentes e secos do dia e umidificar os ambientes&#8221;, afirmou a meteorologista do Cemtec, Valesca Fernandes.<\/p>\n<p>As condi\u00e7\u00f5es meteorol\u00f3gicas previstas, tornam o ambiente atmosf\u00e9rico prop\u00edcio para a ocorr\u00eancia de inc\u00eandios florestais, e recomenda-se que a popula\u00e7\u00e3o n\u00e3o ateie fogo (em vegeta\u00e7\u00e3o ou outros materiais) em nenhuma situa\u00e7\u00e3o.<\/p>\n<p>Entre hoje (10) e quinta-feira (13) a previs\u00e3o indica tempo firme, com sol e poucas nuvens. S\u00e3o previstas m\u00ednimas entre 17\u00b0C e 20\u00b0C e m\u00e1ximas entre 29\u00b0C e 33\u00b0C para as regi\u00f5es sul, leste e sudeste. Nas regi\u00f5es pantaneira e sudoeste, espera-se m\u00ednimas entre 19\u00b0C e 23\u00b0C e m\u00e1ximas entre 33\u00b0C e 36\u00b0C. Para as regi\u00f5es norte e bols\u00e3o, espera-se m\u00ednimas entre 14\u00b0C e 17\u00b0C e m\u00e1ximas entre 31\u00b0C e 35\u00b0C.<\/p>\n<p>E em Campo Grande s\u00e3o esperadas m\u00ednimas entre 19\u00b0C e 21\u00b0C e m\u00e1ximas entre 29\u00b0C a 31\u00b0C. Os ventos devem registrar velocidade entre 40 km\/h a 60 km\/h.<\/p>\n<p><a href=\"https:\/\/agenciadenoticias.ms.gov.br\/wp-content\/uploads\/2024\/06\/previsao-do-tempo-10-de-junho-2024.jpeg\"><img fetchpriority=\"high\" decoding=\"async\" class=\"aligncenter size-full wp-image-479108\" src=\"https:\/\/agenciadenoticias.ms.gov.br\/wp-content\/uploads\/2024\/06\/previsao-do-tempo-10-de-junho-2024.jpeg\" sizes=\"(max-width: 1600px) 100vw, 1600px\" srcset=\"https:\/\/agenciadenoticias.ms.gov.br\/wp-content\/uploads\/2024\/06\/previsao-do-tempo-10-de-junho-2024.jpeg 1600w, https:\/\/agenciadenoticias.ms.gov.br\/wp-content\/uploads\/2024\/06\/previsao-do-tempo-10-de-junho-2024-300x212.jpeg 300w, https:\/\/agenciadenoticias.ms.gov.br\/wp-content\/uploads\/2024\/06\/previsao-do-tempo-10-de-junho-2024-1024x724.jpeg 1024w, https:\/\/agenciadenoticias.ms.gov.br\/wp-content\/uploads\/2024\/06\/previsao-do-tempo-10-de-junho-2024-768x543.jpeg 768w, https:\/\/agenciadenoticias.ms.gov.br\/wp-content\/uploads\/2024\/06\/previsao-do-tempo-10-de-junho-2024-1536x1086.jpeg 1536w, https:\/\/agenciadenoticias.ms.gov.br\/wp-content\/uploads\/2024\/06\/previsao-do-tempo-10-de-junho-2024-340x240.jpeg 340w\" alt=\"\" width=\"1600\" height=\"1131\" \/><\/a><\/p>\n","protected":false},"excerpt":{"rendered":"<p>A previs\u00e3o do tempo para a semana em Mato Grosso do Sul indica tempo est\u00e1vel com sol e poucas nuvens, de acordo com dados do Cemtec (Centro de Monitoramento e do Clima de MS). Esta condi\u00e7\u00e3o meteorol\u00f3gica ocorre devido a atua\u00e7\u00e3o de uma alta press\u00e3o atmosf\u00e9rica que inibe a forma\u00e7\u00e3o de nuvens, favorecendo o tempo [&hellip;]<\/p>\n","protected":false},"author":2,"featured_media":27556,"comment_status":"open","ping_status":"open","sticky":false,"template":"","format":"standard","meta":{"om_disable_all_campaigns":false,"_monsterinsights_skip_tracking":false,"_monsterinsights_sitenote_active":false,"_monsterinsights_sitenote_note":"","_monsterinsights_sitenote_category":0,"footnotes":""},"categories":[30,36,266,47],"tags":[],"aioseo_notices":[],"_links":{"self":[{"href":"https:\/\/expressaoms.com.br\/index.php\/wp-json\/wp\/v2\/posts\/27555"}],"collection":[{"href":"https:\/\/expressaoms.com.br\/index.php\/wp-json\/wp\/v2\/posts"}],"about":[{"href":"https:\/\/expressaoms.com.br\/index.php\/wp-json\/wp\/v2\/types\/post"}],"author":[{"embeddable":true,"href":"https:\/\/expressaoms.com.br\/index.php\/wp-json\/wp\/v2\/users\/2"}],"replies":[{"embeddable":true,"href":"https:\/\/expressaoms.com.br\/index.php\/wp-json\/wp\/v2\/comments?post=27555"}],"version-history":[{"count":1,"href":"https:\/\/expressaoms.com.br\/index.php\/wp-json\/wp\/v2\/posts\/27555\/revisions"}],"predecessor-version":[{"id":27557,"href":"https:\/\/expressaoms.com.br\/index.php\/wp-json\/wp\/v2\/posts\/27555\/revisions\/27557"}],"wp:featuredmedia":[{"embeddable":true,"href":"https:\/\/expressaoms.com.br\/index.php\/wp-json\/wp\/v2\/media\/27556"}],"wp:attachment":[{"href":"https:\/\/expressaoms.com.br\/index.php\/wp-json\/wp\/v2\/media?parent=27555"}],"wp:term":[{"taxonomy":"category","embeddable":true,"href":"https:\/\/expressaoms.com.br\/index.php\/wp-json\/wp\/v2\/categories?post=27555"},{"taxonomy":"post_tag","embeddable":true,"href":"https:\/\/expressaoms.com.br\/index.php\/wp-json\/wp\/v2\/tags?post=27555"}],"curies":[{"name":"wp","href":"https:\/\/api.w.org\/{rel}","templated":true}]}}