{"id":27558,"date":"2024-06-10T08:57:00","date_gmt":"2024-06-10T11:57:00","guid":{"rendered":"https:\/\/expressaoms.com.br\/?p=27558"},"modified":"2024-06-10T08:57:00","modified_gmt":"2024-06-10T11:57:00","slug":"operacao-inedita-em-ms-garante-atuacao-dos-bombeiros-em-areas-de-dificil-acesso-do-pantanal","status":"publish","type":"post","link":"https:\/\/expressaoms.com.br\/index.php\/2024\/06\/10\/operacao-inedita-em-ms-garante-atuacao-dos-bombeiros-em-areas-de-dificil-acesso-do-pantanal\/","title":{"rendered":"Opera\u00e7\u00e3o in\u00e9dita em MS garante atua\u00e7\u00e3o dos bombeiros em \u00e1reas de dif\u00edcil acesso do Pantanal"},"content":{"rendered":"<p>As a\u00e7\u00f5es de combate aos inc\u00eandios florestais em Mato Grosso do Sul, pela primeira vez, ter\u00e3o suporte de equipes do Corpo de Bombeiros em 13 bases localizadas em diferentes \u00e1reas no Pantanal.<\/p>\n<p>Os locais servir\u00e3o de suporte para os bombeiros e equipamentos durante a temporada do fogo, que normalmente se concentra entre os meses de julho a outubro, mas que este ano \u2013 por conta da estiagem registrada desde dezembro de 2023, intensificada pelas altas temperaturas e baixa umidade relativa do ar \u2013 j\u00e1 registra grandes inc\u00eandios desde janeiro.<\/p>\n<p>A partir de maio, a situa\u00e7\u00e3o foi intensificada com aumento dos focos e registros de inc\u00eandios, e a previs\u00e3o \u00e9 de que os casos sejam mais recorrentes nos pr\u00f3ximos meses. Mas o trabalho preventivo realizado no Estado, com informa\u00e7\u00f5es sobre a situa\u00e7\u00e3o clim\u00e1tica desde janeiro e ainda com as atividades desenvolvidas pelos bombeiros em propriedades privadas e unidade conserva\u00e7\u00e3o estaduais, contribui no monitoramento e controle dos inc\u00eandios florestais.<\/p>\n<p>No Pantanal, a instala\u00e7\u00e3o das 13 bases avan\u00e7adas vai ajudar a reduzir o tempo de resposta para o in\u00edcio das a\u00e7\u00f5es de combate em locais remotos e de dif\u00edcil acesso, al\u00e9m de contribuir no monitoramento das \u00e1reas localizadas na divisa com o Estado do Mato Grosso e na fronteira com a Bol\u00edvia.<\/p>\n<div id=\"gallery-1\" class=\"gallery galleryid-479043 gallery-columns-3 gallery-size-full\">\n<figure class=\"gallery-item\">\n<div class=\"gallery-icon landscape\"><a href=\"https:\/\/agenciadenoticias.ms.gov.br\/wp-content\/uploads\/2024\/06\/WhatsApp-Image-2024-06-07-at-11.06.40.jpeg\"><img fetchpriority=\"high\" decoding=\"async\" class=\"attachment-full size-full\" src=\"https:\/\/agenciadenoticias.ms.gov.br\/wp-content\/uploads\/2024\/06\/WhatsApp-Image-2024-06-07-at-11.06.40.jpeg\" sizes=\"(max-width: 1280px) 100vw, 1280px\" srcset=\"https:\/\/agenciadenoticias.ms.gov.br\/wp-content\/uploads\/2024\/06\/WhatsApp-Image-2024-06-07-at-11.06.40.jpeg 1280w, https:\/\/agenciadenoticias.ms.gov.br\/wp-content\/uploads\/2024\/06\/WhatsApp-Image-2024-06-07-at-11.06.40-300x201.jpeg 300w, https:\/\/agenciadenoticias.ms.gov.br\/wp-content\/uploads\/2024\/06\/WhatsApp-Image-2024-06-07-at-11.06.40-1024x686.jpeg 1024w, https:\/\/agenciadenoticias.ms.gov.br\/wp-content\/uploads\/2024\/06\/WhatsApp-Image-2024-06-07-at-11.06.40-768x515.jpeg 768w, https:\/\/agenciadenoticias.ms.gov.br\/wp-content\/uploads\/2024\/06\/WhatsApp-Image-2024-06-07-at-11.06.40-350x235.jpeg 350w\" alt=\"\" width=\"1280\" height=\"858\" \/><\/a><\/div>\n<\/figure>\n<figure class=\"gallery-item\">\n<div class=\"gallery-icon landscape\"><a href=\"https:\/\/agenciadenoticias.ms.gov.br\/wp-content\/uploads\/2024\/05\/Bombeiros_Corumba-12_Saul-Schramm.jpg\"><img decoding=\"async\" class=\"attachment-full size-full\" src=\"https:\/\/agenciadenoticias.ms.gov.br\/wp-content\/uploads\/2024\/05\/Bombeiros_Corumba-12_Saul-Schramm.jpg\" sizes=\"(max-width: 1038px) 100vw, 1038px\" srcset=\"https:\/\/agenciadenoticias.ms.gov.br\/wp-content\/uploads\/2024\/05\/Bombeiros_Corumba-12_Saul-Schramm.jpg 1038w, https:\/\/agenciadenoticias.ms.gov.br\/wp-content\/uploads\/2024\/05\/Bombeiros_Corumba-12_Saul-Schramm-300x200.jpg 300w, https:\/\/agenciadenoticias.ms.gov.br\/wp-content\/uploads\/2024\/05\/Bombeiros_Corumba-12_Saul-Schramm-1024x683.jpg 1024w, https:\/\/agenciadenoticias.ms.gov.br\/wp-content\/uploads\/2024\/05\/Bombeiros_Corumba-12_Saul-Schramm-768x512.jpg 768w, https:\/\/agenciadenoticias.ms.gov.br\/wp-content\/uploads\/2024\/05\/Bombeiros_Corumba-12_Saul-Schramm-350x232.jpg 350w\" alt=\"\" width=\"1038\" height=\"692\" \/><\/a><\/div>\n<\/figure>\n<figure class=\"gallery-item\">\n<div class=\"gallery-icon landscape\"><a href=\"https:\/\/agenciadenoticias.ms.gov.br\/wp-content\/uploads\/2024\/05\/Bombeiros_Corumba-2_Saul-Schramm.jpg\"><img decoding=\"async\" class=\"attachment-full size-full\" src=\"https:\/\/agenciadenoticias.ms.gov.br\/wp-content\/uploads\/2024\/05\/Bombeiros_Corumba-2_Saul-Schramm.jpg\" sizes=\"(max-width: 1280px) 100vw, 1280px\" srcset=\"https:\/\/agenciadenoticias.ms.gov.br\/wp-content\/uploads\/2024\/05\/Bombeiros_Corumba-2_Saul-Schramm.jpg 1280w, https:\/\/agenciadenoticias.ms.gov.br\/wp-content\/uploads\/2024\/05\/Bombeiros_Corumba-2_Saul-Schramm-300x200.jpg 300w, https:\/\/agenciadenoticias.ms.gov.br\/wp-content\/uploads\/2024\/05\/Bombeiros_Corumba-2_Saul-Schramm-1024x682.jpg 1024w, https:\/\/agenciadenoticias.ms.gov.br\/wp-content\/uploads\/2024\/05\/Bombeiros_Corumba-2_Saul-Schramm-768x512.jpg 768w, https:\/\/agenciadenoticias.ms.gov.br\/wp-content\/uploads\/2024\/05\/Bombeiros_Corumba-2_Saul-Schramm-350x232.jpg 350w\" alt=\"\" width=\"1280\" height=\"853\" \/><\/a><\/div>\n<\/figure>\n<\/div>\n<p>O governador Eduardo Riedel esteve nesta sexta-feira (7) no Comando-Geral dos Bombeiros, onde acompanhou a situa\u00e7\u00e3o atual das a\u00e7\u00f5es de combate aos inc\u00eandios florestais no Estado. &#8220;Temos conhecimento que a situa\u00e7\u00e3o ser\u00e1 dif\u00edcil em rela\u00e7\u00e3o ao fogo, especialmente no Pantanal. Por\u00e9m, estamos atentos e atuantes em todas as \u00e1reas do bioma e tamb\u00e9m nas demais regi\u00f5es do Estado. As bases que s\u00e3o montadas, \u00e9 algo in\u00e9dito, justamente para contribuir nessas a\u00e7\u00f5es de combate&#8221;, disse Riedel.<\/p>\n<p>A atua\u00e7\u00e3o dos bombeiros contribui para a r\u00e1pida resposta em caso de inc\u00eandios florestais em \u00e1reas isoladas do Pantanal.<\/p>\n<p>&#8220;Enviamos equipes para a regi\u00e3o da Barra do S\u00e3o Louren\u00e7o uma semana antes de iniciar as bases avan\u00e7adas, e isso fez muita diferen\u00e7a. O fogo que veio do estado vizinho queimou nove hectares, mas se n\u00e3o estiv\u00e9ssemos l\u00e1 a postos, teria sido algo muito maior, de grandes propor\u00e7\u00f5es&#8221;, explicou o coronel Adriano Rampazo, subcomandante-geral do Corpo de Bombeiros.<\/p>\n<p>Al\u00e9m do trabalho presencial dos bombeiros, todo o Estado tamb\u00e9m \u00e9 monitorado via sat\u00e9lite com uso de plataformas da Nasa \u2013 ag\u00eancia do governo dos Estados Unidos \u2013, Pol\u00edcia Federal, Inpe (Instituto Nacional de Pesquisas Espaciais) e Imasul (Instituto de Meio Ambiente de Mato Grosso do Sul), al\u00e9m de tecnologia de navega\u00e7\u00e3o, dados e intelig\u00eancia artificial, e ainda apoio de aeronaves.<\/p>\n<p>&#8220;Com a efici\u00eancia das bases avan\u00e7adas, vamos aperfei\u00e7oar este trabalho, que ser\u00e1 permanente e aut\u00f4nomo, com a estrutura necess\u00e1ria para o trabalho de combate ao fogo\u201d, disse o coronel Frederico Reis Pouso Salas, comandante-geral dos Bombeiros.<\/p>\n<p>Com atua\u00e7\u00e3o planejada e organizada, o Corpo de Bombeiros Militar de Mato Grosso do Sul desenvolve importante trabalho nas a\u00e7\u00f5es de controle e combate a inc\u00eandios florestais em todo o Estado. O apoio de diversas tecnologias contribui para a pronta resposta e efetiva extin\u00e7\u00e3o de focos &#8211; especialmente no Pantanal.<\/p>\n<p>As boas pr\u00e1ticas desenvolvidas em Mato Grosso do Sul, para monitoramento dos biomas e a\u00e7\u00f5es eficientes de combate a inc\u00eandios florestais contribuem de forma decisiva na preserva\u00e7\u00e3o ambiental.<\/p>\n<p><strong>Situa\u00e7\u00e3o<\/strong><\/p>\n<div id=\"gallery-2\" class=\"gallery galleryid-479043 gallery-columns-2 gallery-size-full\">\n<figure class=\"gallery-item\">\n<div class=\"gallery-icon landscape\"><a href=\"https:\/\/agenciadenoticias.ms.gov.br\/wp-content\/uploads\/2024\/02\/Pantanal_Serra-Amolar_incendio-abastecimento-agua-aviao-02-fev-2023_Natalia-Yahn.jpeg\"><img loading=\"lazy\" decoding=\"async\" class=\"attachment-full size-full\" src=\"https:\/\/agenciadenoticias.ms.gov.br\/wp-content\/uploads\/2024\/02\/Pantanal_Serra-Amolar_incendio-abastecimento-agua-aviao-02-fev-2023_Natalia-Yahn.jpeg\" sizes=\"(max-width: 1600px) 100vw, 1600px\" srcset=\"https:\/\/agenciadenoticias.ms.gov.br\/wp-content\/uploads\/2024\/02\/Pantanal_Serra-Amolar_incendio-abastecimento-agua-aviao-02-fev-2023_Natalia-Yahn.jpeg 1600w, https:\/\/agenciadenoticias.ms.gov.br\/wp-content\/uploads\/2024\/02\/Pantanal_Serra-Amolar_incendio-abastecimento-agua-aviao-02-fev-2023_Natalia-Yahn-300x225.jpeg 300w, https:\/\/agenciadenoticias.ms.gov.br\/wp-content\/uploads\/2024\/02\/Pantanal_Serra-Amolar_incendio-abastecimento-agua-aviao-02-fev-2023_Natalia-Yahn-1024x768.jpeg 1024w, https:\/\/agenciadenoticias.ms.gov.br\/wp-content\/uploads\/2024\/02\/Pantanal_Serra-Amolar_incendio-abastecimento-agua-aviao-02-fev-2023_Natalia-Yahn-768x576.jpeg 768w, https:\/\/agenciadenoticias.ms.gov.br\/wp-content\/uploads\/2024\/02\/Pantanal_Serra-Amolar_incendio-abastecimento-agua-aviao-02-fev-2023_Natalia-Yahn-1536x1152.jpeg 1536w, https:\/\/agenciadenoticias.ms.gov.br\/wp-content\/uploads\/2024\/02\/Pantanal_Serra-Amolar_incendio-abastecimento-agua-aviao-02-fev-2023_Natalia-Yahn-320x240.jpeg 320w\" alt=\"\" width=\"1600\" height=\"1200\" \/><\/a><\/div>\n<\/figure>\n<figure class=\"gallery-item\">\n<div class=\"gallery-icon landscape\"><a href=\"https:\/\/agenciadenoticias.ms.gov.br\/wp-content\/uploads\/2024\/02\/Pantanal_Serra-Amolar_incendio-02-fev-2023_Natalia-Yahn.jpeg\"><img loading=\"lazy\" decoding=\"async\" class=\"attachment-full size-full\" src=\"https:\/\/agenciadenoticias.ms.gov.br\/wp-content\/uploads\/2024\/02\/Pantanal_Serra-Amolar_incendio-02-fev-2023_Natalia-Yahn.jpeg\" sizes=\"(max-width: 1600px) 100vw, 1600px\" srcset=\"https:\/\/agenciadenoticias.ms.gov.br\/wp-content\/uploads\/2024\/02\/Pantanal_Serra-Amolar_incendio-02-fev-2023_Natalia-Yahn.jpeg 1600w, https:\/\/agenciadenoticias.ms.gov.br\/wp-content\/uploads\/2024\/02\/Pantanal_Serra-Amolar_incendio-02-fev-2023_Natalia-Yahn-300x225.jpeg 300w, https:\/\/agenciadenoticias.ms.gov.br\/wp-content\/uploads\/2024\/02\/Pantanal_Serra-Amolar_incendio-02-fev-2023_Natalia-Yahn-1024x768.jpeg 1024w, https:\/\/agenciadenoticias.ms.gov.br\/wp-content\/uploads\/2024\/02\/Pantanal_Serra-Amolar_incendio-02-fev-2023_Natalia-Yahn-768x576.jpeg 768w, https:\/\/agenciadenoticias.ms.gov.br\/wp-content\/uploads\/2024\/02\/Pantanal_Serra-Amolar_incendio-02-fev-2023_Natalia-Yahn-1536x1152.jpeg 1536w, https:\/\/agenciadenoticias.ms.gov.br\/wp-content\/uploads\/2024\/02\/Pantanal_Serra-Amolar_incendio-02-fev-2023_Natalia-Yahn-320x240.jpeg 320w\" alt=\"\" width=\"1600\" height=\"1200\" aria-describedby=\"gallery-2-464294\" \/><\/a><\/div><figcaption id=\"gallery-2-464294\" class=\"wp-caption-text gallery-caption\">Fotos: Natalia Yahn<\/figcaption><\/figure>\n<\/div>\n<p>A Opera\u00e7\u00e3o Pantanal 2024 completa hoje 67 dias e continua na fase de prepara\u00e7\u00e3o e preven\u00e7\u00e3o, al\u00e9m de a\u00e7\u00f5es para conter e extinguir os inc\u00eandios florestais.<\/p>\n<p>Atualmente, 80 militares est\u00e3o diretamente envolvidos nas opera\u00e7\u00f5es de combate, com apoio do GOA (Grupamento de Opera\u00e7\u00f5es A\u00e9reas), al\u00e9m de policiais militares que atuam em no suporte a\u00e9reo.<\/p>\n<p>Inc\u00eandios est\u00e3o ativos no Forte Coimbra \u2013 com \u00e1rea queimada foi de 559 hectares \u2013 e Paraguai Mirim \u2013 com dois grandes inc\u00eandios. Na tarde de quarta-feira (5) foi verificado novo foco de inc\u00eandio pr\u00f3ximo a Escola Jatobazinho (Paraguai Mirim).<\/p>\n<p>A aeronave Air Tractor do Governo atua no combate direto desde o in\u00edcio da manh\u00e3 de sexta-feira (7), e a equipe em solo tem desde antes realizado aceiros para confinamento e isolamento do inc\u00eandio. A \u00e1rea queimada na regi\u00e3o, nos dois inc\u00eandios, \u00e9 de mais de 10,3 mil hectares.<\/p>\n<p>Na regi\u00e3o pr\u00f3xima \u00e0 cidade de Corumb\u00e1 \u2013 com mais de 7,4 mil hectares atingidos \u2013, a guarni\u00e7\u00e3o contou com aux\u00edlio da aeronave Harpia 01 para deslocar ao combate, j\u00e1 que a \u00e1rea \u00e9 alagada e de dif\u00edcil acesso. Um novo foco de inc\u00eandio, na regi\u00e3o de Caimasul \u2013 com \u00e1rea queimada de 771 hectares \u2013, tamb\u00e9m recebeu uma equipe para reconhecimento e combate ao inc\u00eandio.<\/p>\n<p>As a\u00e7\u00f5es preventivas das equipes dos bombeiros na regi\u00e3o pantaneira come\u00e7aram no dia 2 de abril, com foco no trabalho que envolve o manejo integrado do fogo. J\u00e1 a instala\u00e7\u00e3o das bases avan\u00e7adas come\u00e7ou no dia 14 de maio, com a sa\u00edda de uma barca carregada com ve\u00edculos, equipamentos e suprimentos.<\/p>\n<p>&#8220;N\u00f3s reestruturamos as nossas t\u00e9cnicas e t\u00e1ticas para evitar os grandes inc\u00eandios em Mato Grosso do Sul e esta atividade de preven\u00e7\u00e3o \u00e9 uma das principais a\u00e7\u00f5es que desenvolvemos. E com as bases avan\u00e7adas, estaremos presentes nos locais e caso aconte\u00e7a algum inc\u00eandio, a resposta \u00e9 muito mais efetiva\u201d, disse a tenente-coronel Tatiane Inoue<strong>,<\/strong>\u00a0diretora de Prote\u00e7\u00e3o Ambiental do Corpo de Bombeiros, respons\u00e1vel pelo monitoramento e a\u00e7\u00f5es de combate aos inc\u00eandios florestais no Estado.<\/p>\n","protected":false},"excerpt":{"rendered":"<p>As a\u00e7\u00f5es de combate aos inc\u00eandios florestais em Mato Grosso do Sul, pela primeira vez, ter\u00e3o suporte de equipes do Corpo de Bombeiros em 13 bases localizadas em diferentes \u00e1reas no Pantanal. Os locais servir\u00e3o de suporte para os bombeiros e equipamentos durante a temporada do fogo, que normalmente se concentra entre os meses de [&hellip;]<\/p>\n","protected":false},"author":2,"featured_media":27559,"comment_status":"open","ping_status":"open","sticky":false,"template":"","format":"standard","meta":{"om_disable_all_campaigns":false,"_monsterinsights_skip_tracking":false,"_monsterinsights_sitenote_active":false,"_monsterinsights_sitenote_note":"","_monsterinsights_sitenote_category":0,"footnotes":""},"categories":[36,266,38],"tags":[],"aioseo_notices":[],"_links":{"self":[{"href":"https:\/\/expressaoms.com.br\/index.php\/wp-json\/wp\/v2\/posts\/27558"}],"collection":[{"href":"https:\/\/expressaoms.com.br\/index.php\/wp-json\/wp\/v2\/posts"}],"about":[{"href":"https:\/\/expressaoms.com.br\/index.php\/wp-json\/wp\/v2\/types\/post"}],"author":[{"embeddable":true,"href":"https:\/\/expressaoms.com.br\/index.php\/wp-json\/wp\/v2\/users\/2"}],"replies":[{"embeddable":true,"href":"https:\/\/expressaoms.com.br\/index.php\/wp-json\/wp\/v2\/comments?post=27558"}],"version-history":[{"count":1,"href":"https:\/\/expressaoms.com.br\/index.php\/wp-json\/wp\/v2\/posts\/27558\/revisions"}],"predecessor-version":[{"id":27560,"href":"https:\/\/expressaoms.com.br\/index.php\/wp-json\/wp\/v2\/posts\/27558\/revisions\/27560"}],"wp:featuredmedia":[{"embeddable":true,"href":"https:\/\/expressaoms.com.br\/index.php\/wp-json\/wp\/v2\/media\/27559"}],"wp:attachment":[{"href":"https:\/\/expressaoms.com.br\/index.php\/wp-json\/wp\/v2\/media?parent=27558"}],"wp:term":[{"taxonomy":"category","embeddable":true,"href":"https:\/\/expressaoms.com.br\/index.php\/wp-json\/wp\/v2\/categories?post=27558"},{"taxonomy":"post_tag","embeddable":true,"href":"https:\/\/expressaoms.com.br\/index.php\/wp-json\/wp\/v2\/tags?post=27558"}],"curies":[{"name":"wp","href":"https:\/\/api.w.org\/{rel}","templated":true}]}}