{"id":27570,"date":"2024-06-10T16:24:54","date_gmt":"2024-06-10T19:24:54","guid":{"rendered":"https:\/\/expressaoms.com.br\/?p=27570"},"modified":"2024-06-10T16:24:54","modified_gmt":"2024-06-10T19:24:54","slug":"saude-imuniza-374-criancas-no-dia-d-de-imunizacao-contra-a-poliomielite","status":"publish","type":"post","link":"https:\/\/expressaoms.com.br\/index.php\/2024\/06\/10\/saude-imuniza-374-criancas-no-dia-d-de-imunizacao-contra-a-poliomielite\/","title":{"rendered":"Sa\u00fade imuniza 374 crian\u00e7as no Dia D de Imuniza\u00e7\u00e3o contra a Poliomielite"},"content":{"rendered":"<p data-raofz=\"16\">O Dia D de Imuniza\u00e7\u00e3o contra a Poliomielite, com o uso da gotinha via oral, imunizou 374 crian\u00e7as de 1 a 5 anos de idade, no s\u00e1bado, em todas as Unidades de Sa\u00fade da Fam\u00edlia (USFs) do munic\u00edpio.<\/p>\n<p data-raofz=\"16\">A a\u00e7\u00e3o da Prefeitura de Tr\u00eas Lagoas, por meio da Central de Imuniza\u00e7\u00e3o da Secretaria Municipal de Sa\u00fade (SMS), al\u00e9m da gotinha da Polio, ofereceu \u00e0s crian\u00e7as que passaram pelas USFs a oportunidade de atualizar a carteira de vacina\u00e7\u00e3o com todas as vacinas do calend\u00e1rio nacional que estivessem pendentes.<\/p>\n<p data-raofz=\"16\">At\u00e9 esta segunda-feira, dia 10 de junho, Tr\u00eas Lagoas possui 22,66% de cobertura do p\u00fablico-alvo da campanha, sendo que a meta estipulada pelo Minist\u00e9rio da Sa\u00fade \u00e9 de 90% da faixa et\u00e1ria de 1 a 5 anos imunizada. No total, foram aplicadas 1719 doses do imunizante na cidade.<\/p>\n<p data-raofz=\"16\">A SMS enfatiza a import\u00e2ncia da preven\u00e7\u00e3o e do compromisso com a sa\u00fade infantil, assegurando que nenhuma crian\u00e7a fique desprotegida. A vacina\u00e7\u00e3o \u00e9 segura, eficaz e \u00e9 o meio mais eficiente de manter doen\u00e7as imunopreven\u00edveis longe de nossas crian\u00e7as.<\/p>\n","protected":false},"excerpt":{"rendered":"<p>O Dia D de Imuniza\u00e7\u00e3o contra a Poliomielite, com o uso da gotinha via oral, imunizou 374 crian\u00e7as de 1 a 5 anos de idade, no s\u00e1bado, em todas as Unidades de Sa\u00fade da Fam\u00edlia (USFs) do munic\u00edpio. A a\u00e7\u00e3o da Prefeitura de Tr\u00eas Lagoas, por meio da Central de Imuniza\u00e7\u00e3o da Secretaria Municipal de [&hellip;]<\/p>\n","protected":false},"author":2,"featured_media":27571,"comment_status":"open","ping_status":"open","sticky":false,"template":"","format":"standard","meta":{"om_disable_all_campaigns":false,"_monsterinsights_skip_tracking":false,"_monsterinsights_sitenote_active":false,"_monsterinsights_sitenote_note":"","_monsterinsights_sitenote_category":0,"footnotes":""},"categories":[36,44,48],"tags":[],"aioseo_notices":[],"_links":{"self":[{"href":"https:\/\/expressaoms.com.br\/index.php\/wp-json\/wp\/v2\/posts\/27570"}],"collection":[{"href":"https:\/\/expressaoms.com.br\/index.php\/wp-json\/wp\/v2\/posts"}],"about":[{"href":"https:\/\/expressaoms.com.br\/index.php\/wp-json\/wp\/v2\/types\/post"}],"author":[{"embeddable":true,"href":"https:\/\/expressaoms.com.br\/index.php\/wp-json\/wp\/v2\/users\/2"}],"replies":[{"embeddable":true,"href":"https:\/\/expressaoms.com.br\/index.php\/wp-json\/wp\/v2\/comments?post=27570"}],"version-history":[{"count":1,"href":"https:\/\/expressaoms.com.br\/index.php\/wp-json\/wp\/v2\/posts\/27570\/revisions"}],"predecessor-version":[{"id":27572,"href":"https:\/\/expressaoms.com.br\/index.php\/wp-json\/wp\/v2\/posts\/27570\/revisions\/27572"}],"wp:featuredmedia":[{"embeddable":true,"href":"https:\/\/expressaoms.com.br\/index.php\/wp-json\/wp\/v2\/media\/27571"}],"wp:attachment":[{"href":"https:\/\/expressaoms.com.br\/index.php\/wp-json\/wp\/v2\/media?parent=27570"}],"wp:term":[{"taxonomy":"category","embeddable":true,"href":"https:\/\/expressaoms.com.br\/index.php\/wp-json\/wp\/v2\/categories?post=27570"},{"taxonomy":"post_tag","embeddable":true,"href":"https:\/\/expressaoms.com.br\/index.php\/wp-json\/wp\/v2\/tags?post=27570"}],"curies":[{"name":"wp","href":"https:\/\/api.w.org\/{rel}","templated":true}]}}