{"id":27839,"date":"2024-06-17T09:53:19","date_gmt":"2024-06-17T12:53:19","guid":{"rendered":"https:\/\/expressaoms.com.br\/?p=27839"},"modified":"2024-06-17T09:53:19","modified_gmt":"2024-06-17T12:53:19","slug":"senador-nelsinho-trad-recebe-titulo-de-cidadao-tres-lagoense-nos-109-anos-de-tres-lagoas","status":"publish","type":"post","link":"https:\/\/expressaoms.com.br\/index.php\/2024\/06\/17\/senador-nelsinho-trad-recebe-titulo-de-cidadao-tres-lagoense-nos-109-anos-de-tres-lagoas\/","title":{"rendered":"Senador Nelsinho Trad recebe t\u00edtulo de cidad\u00e3o tr\u00eas-lagoense nos 109 anos de Tr\u00eas Lagoas"},"content":{"rendered":"<div>O senador Nelsinho Trad (PSD\/MS) conquistou quase R$ 135 milh\u00f5es para Tr\u00eas Lagoas. No anivers\u00e1rio da cidade, de 109 anos, neste s\u00e1bado (15\/06), recebeu o reconhecimento da C\u00e2mara Municipal o t\u00edtulo de cidad\u00e3o tr\u00eas-lagoense e o agradecimento do prefeito \u00c2ngelo Guerreiro pela parceria. &#8220;Tr\u00eas Lagoas agradece ao senador por Mato Grosso do Sul, Nelsinho Trad, nosso parceiro&#8221;, destacou o prefeito.<\/div>\n<div><\/div>\n<div class=\"v1elementToProof\">Durante a abertura da cerim\u00f4nia de comemora\u00e7\u00f5es, o senador Nelsinho Trad se surpreendeu com a entrega da homenagem e participou das festividades com muita anima\u00e7\u00e3o. At\u00e9 uma dan\u00e7a improvisada foi feita a convite do prefeito \u00c2ngelo Guerreiro, durante o desfile.<\/div>\n<div><\/div>\n<blockquote>\n<div class=\"v1elementToProof\">&#8220;Hoje, nossa Cidade das \u00c1guas completa 109 anos. Comemoro com muito entusiasmo essa data, porque conquistamos quase R$ 135 milh\u00f5es para Tr\u00eas Lagoas. Negociamos R$50 milh\u00f5es por meio de financiamento do Avan\u00e7ar Cidades e outros R$36 milh\u00f5es quando coordenador de bancada federal. Atendemos amplos projetos nas \u00e1reas da Sa\u00fade, Infraestrutura e Log\u00edstica, ao todo 18 emendas que somam R$ 45.698.828,00 j\u00e1 pagos ao munic\u00edpio, inclusive viabilizamos o pagamento de valores de per\u00edodos anteriores a 2018, quando come\u00e7ou nossa gest\u00e3o. As conquistas s\u00e3o muitas, por isso Tr\u00eas Lagoas \u00e9 a terceira cidade do Estado com maior volume de recursos emprenhados por meio do nosso trabalho no Senado Federal. Parab\u00e9ns Tr\u00eas Lagoas, nossa Capital da Celulose&#8221;, disse o senador Nelsinho Trad.<\/div>\n<\/blockquote>\n<div><\/div>\n<div class=\"v1elementToProof\">Feliz, o senador Nelsinho Trad desfilou pela avenida com o seu t\u00edtulo de cidad\u00e3o tr\u00eas-lagoense, fez fotos com os pol\u00edticos e com sua suplente, a professora Terezinha Baz\u00e9 e destacou o amor do prefeito \u00c2ngelo Guerreiro por Tr\u00eas Lagoas. &#8220;Guerreiro merece todos os nossos aplausos pela sua dedica\u00e7\u00e3o e alegria em administrar Tr\u00eas Lagoas, \u00e9 o prefeito do povo. Guerreiro \u00e9 sucesso total, seguimos juntos por Tr\u00eas Lagoas e, agora, essa cidade tem mais um filho que sou eu para cuidar dela&#8221;, enfatizou o senador Nelsinho Trad.<\/div>\n","protected":false},"excerpt":{"rendered":"<p>O senador Nelsinho Trad (PSD\/MS) conquistou quase R$ 135 milh\u00f5es para Tr\u00eas Lagoas. No anivers\u00e1rio da cidade, de 109 anos, neste s\u00e1bado (15\/06), recebeu o reconhecimento da C\u00e2mara Municipal o t\u00edtulo de cidad\u00e3o tr\u00eas-lagoense e o agradecimento do prefeito \u00c2ngelo Guerreiro pela parceria. &#8220;Tr\u00eas Lagoas agradece ao senador por Mato Grosso do Sul, Nelsinho Trad, [&hellip;]<\/p>\n","protected":false},"author":3,"featured_media":27845,"comment_status":"open","ping_status":"open","sticky":false,"template":"","format":"standard","meta":{"om_disable_all_campaigns":false,"_monsterinsights_skip_tracking":false,"_monsterinsights_sitenote_active":false,"_monsterinsights_sitenote_note":"","_monsterinsights_sitenote_category":0,"footnotes":""},"categories":[30,42,48],"tags":[],"aioseo_notices":[],"_links":{"self":[{"href":"https:\/\/expressaoms.com.br\/index.php\/wp-json\/wp\/v2\/posts\/27839"}],"collection":[{"href":"https:\/\/expressaoms.com.br\/index.php\/wp-json\/wp\/v2\/posts"}],"about":[{"href":"https:\/\/expressaoms.com.br\/index.php\/wp-json\/wp\/v2\/types\/post"}],"author":[{"embeddable":true,"href":"https:\/\/expressaoms.com.br\/index.php\/wp-json\/wp\/v2\/users\/3"}],"replies":[{"embeddable":true,"href":"https:\/\/expressaoms.com.br\/index.php\/wp-json\/wp\/v2\/comments?post=27839"}],"version-history":[{"count":1,"href":"https:\/\/expressaoms.com.br\/index.php\/wp-json\/wp\/v2\/posts\/27839\/revisions"}],"predecessor-version":[{"id":27846,"href":"https:\/\/expressaoms.com.br\/index.php\/wp-json\/wp\/v2\/posts\/27839\/revisions\/27846"}],"wp:featuredmedia":[{"embeddable":true,"href":"https:\/\/expressaoms.com.br\/index.php\/wp-json\/wp\/v2\/media\/27845"}],"wp:attachment":[{"href":"https:\/\/expressaoms.com.br\/index.php\/wp-json\/wp\/v2\/media?parent=27839"}],"wp:term":[{"taxonomy":"category","embeddable":true,"href":"https:\/\/expressaoms.com.br\/index.php\/wp-json\/wp\/v2\/categories?post=27839"},{"taxonomy":"post_tag","embeddable":true,"href":"https:\/\/expressaoms.com.br\/index.php\/wp-json\/wp\/v2\/tags?post=27839"}],"curies":[{"name":"wp","href":"https:\/\/api.w.org\/{rel}","templated":true}]}}