{"id":27869,"date":"2024-06-17T11:33:48","date_gmt":"2024-06-17T14:33:48","guid":{"rendered":"https:\/\/expressaoms.com.br\/?p=27869"},"modified":"2024-06-17T17:34:34","modified_gmt":"2024-06-17T20:34:34","slug":"5o-festival-de-bandas-e-fanfarras-e-desfile-civico-encanta-os-moradores-de-tl","status":"publish","type":"post","link":"https:\/\/expressaoms.com.br\/index.php\/2024\/06\/17\/5o-festival-de-bandas-e-fanfarras-e-desfile-civico-encanta-os-moradores-de-tl\/","title":{"rendered":"5\u00ba Festival de Bandas e Fanfarras e Desfile C\u00edvico encanta os moradores de TL"},"content":{"rendered":"<p data-raofz=\"16\">As comemora\u00e7\u00f5es dos 109 anos de emancipa\u00e7\u00e3o de Tr\u00eas Lagoas encantaram os tr\u00eas-lagoenses. A noite de sexta-feira, 14 de junho, foi m\u00e1gica, com a realiza\u00e7\u00e3o do 5\u00ba Festival de Bandas e Fanfarras, promovido pela Prefeitura de Tr\u00eas Lagoas, por meio da Secretaria Municipal de Assist\u00eancia Social (SMAS). O evento foi realizado na Esplanada NOB, repleto de cidad\u00e3os e autoridades do munic\u00edpio que prestigiaram o festival e contou com 13 bandas de diversas cidades, incluindo 3 bandas locais.<\/p>\n<p data-raofz=\"16\">J\u00e1 no dia 15 de junho, com a arquibancada cheia, a manh\u00e3 de s\u00e1bado marcou o segundo dia de festividades, realizado pela Secretaria Municipal de Educa\u00e7\u00e3o e Cultura (SEMEC). Participaram do desfile, as escolas e CEIS, al\u00e9m de entidades locais e servi\u00e7os de assist\u00eancia social. As festividades contaram com a presen\u00e7a do prefeito de Tr\u00eas Lagoas, Angelo Guerreiro, do governador do estado do Mato Grosso do Sul, Eduardo Riedel, do senador Nelsinho Trad, de secret\u00e1rios e secret\u00e1rias municipais, e de autoridades da cidade e das regi\u00f5es participantes.<\/p>\n<div class=\"wp-block-spacer\" aria-hidden=\"true\" data-raofz=\"16\"><\/div>\n<p data-raofz=\"16\">Confira as bandas que participaram do 5\u00ba Festival de Bandas e Fanfarras:<\/p>\n<p data-raofz=\"16\">Banda Musical 15 de Junho \u2013 Tr\u00eas Lagoas<\/p>\n<p data-raofz=\"16\">Banda Musical JOMAP \u2013 Tr\u00eas Lagoas<\/p>\n<p data-raofz=\"16\">Banda Musical Cristo Redentor \u2013 Tr\u00eas Lagoas<\/p>\n<p data-raofz=\"16\">Banda Musical de Para\u00edso das \u00c1guas<\/p>\n<p data-raofz=\"16\">Banda Musical 30 de Setembro de Camapu\u00e3<\/p>\n<p data-raofz=\"16\">Banda Marcial de Inoc\u00eancia<\/p>\n<p data-raofz=\"16\">Banda Musical AC \u2013 Orquestra de sopro e percuss\u00e3o furiosa<\/p>\n<p data-raofz=\"16\">Banda Marcial Manoel Bonif\u00e1cio<\/p>\n<p data-raofz=\"16\">Banda de Percuss\u00e3o Manuel de Souza Meira<\/p>\n<p data-raofz=\"16\">Banda Marcial Get\u00falio Vargas<\/p>\n<p data-raofz=\"16\">Banda Marcial Professor Ezequiel Balbino<\/p>\n<p data-raofz=\"16\">Banda Marcial Santa Maria<\/p>\n<p data-raofz=\"16\">Banda de Musical do Comando Militar do Oeste.<\/p>\n","protected":false},"excerpt":{"rendered":"<p>As comemora\u00e7\u00f5es dos 109 anos de emancipa\u00e7\u00e3o de Tr\u00eas Lagoas encantaram os tr\u00eas-lagoenses. A noite de sexta-feira, 14 de junho, foi m\u00e1gica, com a realiza\u00e7\u00e3o do 5\u00ba Festival de Bandas e Fanfarras, promovido pela Prefeitura de Tr\u00eas Lagoas, por meio da Secretaria Municipal de Assist\u00eancia Social (SMAS). O evento foi realizado na Esplanada NOB, repleto [&hellip;]<\/p>\n","protected":false},"author":2,"featured_media":27870,"comment_status":"open","ping_status":"open","sticky":false,"template":"","format":"standard","meta":{"om_disable_all_campaigns":false,"_monsterinsights_skip_tracking":false,"_monsterinsights_sitenote_active":false,"_monsterinsights_sitenote_note":"","_monsterinsights_sitenote_category":0,"footnotes":""},"categories":[30,35,36,48],"tags":[],"aioseo_notices":[],"_links":{"self":[{"href":"https:\/\/expressaoms.com.br\/index.php\/wp-json\/wp\/v2\/posts\/27869"}],"collection":[{"href":"https:\/\/expressaoms.com.br\/index.php\/wp-json\/wp\/v2\/posts"}],"about":[{"href":"https:\/\/expressaoms.com.br\/index.php\/wp-json\/wp\/v2\/types\/post"}],"author":[{"embeddable":true,"href":"https:\/\/expressaoms.com.br\/index.php\/wp-json\/wp\/v2\/users\/2"}],"replies":[{"embeddable":true,"href":"https:\/\/expressaoms.com.br\/index.php\/wp-json\/wp\/v2\/comments?post=27869"}],"version-history":[{"count":1,"href":"https:\/\/expressaoms.com.br\/index.php\/wp-json\/wp\/v2\/posts\/27869\/revisions"}],"predecessor-version":[{"id":27871,"href":"https:\/\/expressaoms.com.br\/index.php\/wp-json\/wp\/v2\/posts\/27869\/revisions\/27871"}],"wp:featuredmedia":[{"embeddable":true,"href":"https:\/\/expressaoms.com.br\/index.php\/wp-json\/wp\/v2\/media\/27870"}],"wp:attachment":[{"href":"https:\/\/expressaoms.com.br\/index.php\/wp-json\/wp\/v2\/media?parent=27869"}],"wp:term":[{"taxonomy":"category","embeddable":true,"href":"https:\/\/expressaoms.com.br\/index.php\/wp-json\/wp\/v2\/categories?post=27869"},{"taxonomy":"post_tag","embeddable":true,"href":"https:\/\/expressaoms.com.br\/index.php\/wp-json\/wp\/v2\/tags?post=27869"}],"curies":[{"name":"wp","href":"https:\/\/api.w.org\/{rel}","templated":true}]}}