{"id":27872,"date":"2024-06-17T17:36:00","date_gmt":"2024-06-17T20:36:00","guid":{"rendered":"https:\/\/expressaoms.com.br\/?p=27872"},"modified":"2024-06-17T17:36:00","modified_gmt":"2024-06-17T20:36:00","slug":"festa-junina-prefeitura-reforca-que-para-interdicoes-de-ruas-e-necessario-solicitacao-previa-ao-deptran","status":"publish","type":"post","link":"https:\/\/expressaoms.com.br\/index.php\/2024\/06\/17\/festa-junina-prefeitura-reforca-que-para-interdicoes-de-ruas-e-necessario-solicitacao-previa-ao-deptran\/","title":{"rendered":"FESTA JUNINA \u2013 Prefeitura refor\u00e7a que para interdi\u00e7\u00f5es de ruas \u00e9 necess\u00e1rio solicita\u00e7\u00e3o pr\u00e9via ao Deptran"},"content":{"rendered":"<p data-raofz=\"16\">Chegou um dos per\u00edodos mais festivos do ano, a \u00e9poca das festas juninas, onde reunimos com amigos e familiares para comer pratos t\u00edpicos, dan\u00e7ar quadrilhas, enfeitar e decorar casas e ruas. Entretanto, a Prefeitura de Tr\u00eas Lagoas, por meio do Departamento Municipal de Tr\u00e2nsito (DEPTRAN), da Secretaria Municipal de Infraestrutura, Transporte e Tr\u00e2nsito (SEINTRA) informa que para interditar vias, seja para este tipo de festa ou outros eventos \u00e9 necess\u00e1rio pedir autoriza\u00e7\u00e3o pr\u00e9via.<\/p>\n<p data-raofz=\"16\">O decreto 177\/2015 estabelece a normatiza\u00e7\u00e3o para as interrup\u00e7\u00f5es de tr\u00e1fego em vias p\u00fablicas de Tr\u00eas Lagoas. O intuito do documento \u00e9 minimizar os transtornos aos usu\u00e1rios e garantir a organiza\u00e7\u00e3o dos eventos que necessitam de fechamento de ruas.<\/p>\n<p data-raofz=\"16\">Para solicitar a interdi\u00e7\u00e3o \u00e9 necess\u00e1rio comparecer ao Deptran, localizado na Rua Parana\u00edba n\u00ba 2600, Jardim Primaveril, para elabora\u00e7\u00e3o do requerimento, com no m\u00ednimo cinco dias \u00fateis de anteced\u00eancia do evento, munido de abaixo-assinado dos moradores ou comerciantes da \u00e1rea a ser fechada ao tr\u00e1fego, ap\u00f3s o preenchimento do requerimento o Deptran ir\u00e1 analisar a solicita\u00e7\u00e3o mediante parecer t\u00e9cnico da \u00e1rea de engenharia de tr\u00e1fego.<\/p>\n<p data-raofz=\"16\">Mais informa\u00e7\u00f5es ou para esclarecer d\u00favida o mun\u00edcipe deve comparecer a sede do Deptran ou ligar no telefone (67) 99221-7147. Veja abaixo na integra o decreto com todas as informa\u00e7\u00f5es referente as interdi\u00e7\u00f5es de vias:<\/p>\n<p data-raofz=\"16\"><a role=\"link\" href=\"http:\/\/www.treslagoas.ms.gov.br\/wp-content\/uploads\/2024\/06\/DECRETO-177.2015-FECHAMENTO-DE-RUAS-23.10.2015-1.docx\" data-type=\"link\" data-id=\"http:\/\/www.treslagoas.ms.gov.br\/wp-content\/uploads\/2024\/06\/DECRETO-177.2015-FECHAMENTO-DE-RUAS-23.10.2015-1.docx\" data-raofz=\"16\"><strong>DECRETO 177\/2015<\/strong><\/a><\/p>\n","protected":false},"excerpt":{"rendered":"<p>Chegou um dos per\u00edodos mais festivos do ano, a \u00e9poca das festas juninas, onde reunimos com amigos e familiares para comer pratos t\u00edpicos, dan\u00e7ar quadrilhas, enfeitar e decorar casas e ruas. Entretanto, a Prefeitura de Tr\u00eas Lagoas, por meio do Departamento Municipal de Tr\u00e2nsito (DEPTRAN), da Secretaria Municipal de Infraestrutura, Transporte e Tr\u00e2nsito (SEINTRA) informa [&hellip;]<\/p>\n","protected":false},"author":2,"featured_media":27873,"comment_status":"open","ping_status":"open","sticky":false,"template":"","format":"standard","meta":{"om_disable_all_campaigns":false,"_monsterinsights_skip_tracking":false,"_monsterinsights_sitenote_active":false,"_monsterinsights_sitenote_note":"","_monsterinsights_sitenote_category":0,"footnotes":""},"categories":[35,36,48],"tags":[],"aioseo_notices":[],"_links":{"self":[{"href":"https:\/\/expressaoms.com.br\/index.php\/wp-json\/wp\/v2\/posts\/27872"}],"collection":[{"href":"https:\/\/expressaoms.com.br\/index.php\/wp-json\/wp\/v2\/posts"}],"about":[{"href":"https:\/\/expressaoms.com.br\/index.php\/wp-json\/wp\/v2\/types\/post"}],"author":[{"embeddable":true,"href":"https:\/\/expressaoms.com.br\/index.php\/wp-json\/wp\/v2\/users\/2"}],"replies":[{"embeddable":true,"href":"https:\/\/expressaoms.com.br\/index.php\/wp-json\/wp\/v2\/comments?post=27872"}],"version-history":[{"count":1,"href":"https:\/\/expressaoms.com.br\/index.php\/wp-json\/wp\/v2\/posts\/27872\/revisions"}],"predecessor-version":[{"id":27874,"href":"https:\/\/expressaoms.com.br\/index.php\/wp-json\/wp\/v2\/posts\/27872\/revisions\/27874"}],"wp:featuredmedia":[{"embeddable":true,"href":"https:\/\/expressaoms.com.br\/index.php\/wp-json\/wp\/v2\/media\/27873"}],"wp:attachment":[{"href":"https:\/\/expressaoms.com.br\/index.php\/wp-json\/wp\/v2\/media?parent=27872"}],"wp:term":[{"taxonomy":"category","embeddable":true,"href":"https:\/\/expressaoms.com.br\/index.php\/wp-json\/wp\/v2\/categories?post=27872"},{"taxonomy":"post_tag","embeddable":true,"href":"https:\/\/expressaoms.com.br\/index.php\/wp-json\/wp\/v2\/tags?post=27872"}],"curies":[{"name":"wp","href":"https:\/\/api.w.org\/{rel}","templated":true}]}}