{"id":27900,"date":"2024-06-19T08:14:59","date_gmt":"2024-06-19T11:14:59","guid":{"rendered":"https:\/\/expressaoms.com.br\/?p=27900"},"modified":"2024-06-19T08:14:59","modified_gmt":"2024-06-19T11:14:59","slug":"smas-promoveu-curso-de-nocoes-de-primeiros-socorros-para-os-seus-colaboradores","status":"publish","type":"post","link":"https:\/\/expressaoms.com.br\/index.php\/2024\/06\/19\/smas-promoveu-curso-de-nocoes-de-primeiros-socorros-para-os-seus-colaboradores\/","title":{"rendered":"SMAS promoveu curso de no\u00e7\u00f5es de primeiros socorros para os seus colaboradores"},"content":{"rendered":"<p data-raofz=\"16\">A Secretaria Municipal de Assist\u00eancia Social (SMAS) de Tr\u00eas Lagoas, em parceria com o Servi\u00e7o Nacional de Aprendizagem Rural (Senar), realizou na ter\u00e7a-feira, 18 de junho, capacita\u00e7\u00e3o sobre no\u00e7\u00f5es de primeiros socorros na sede da SMAS. O objetivo foi ensinar procedimentos b\u00e1sicos de socorro emergencial para serem utilizados no ambiente de trabalho em caso de necessidade.<\/p>\n<p data-raofz=\"16\">A aula foi ministrada pelo engenheiro de seguran\u00e7a do trabalho e socorrista, Bruno Farias. Durante o curso, foram abordados os seguintes conceitos: suporte b\u00e1sico de vida, hemorragias, queimaduras, asfixia, desmaio e perda de consci\u00eancia, intoxica\u00e7\u00e3o e envenenamento, animais pe\u00e7onhentos, objetos estranhos, les\u00f5es musculares, les\u00f5es \u00f3sseas e articulares, al\u00e9m da aplica\u00e7\u00e3o de torniquetes e remo\u00e7\u00e3o do acidentado.<\/p>\n<p data-raofz=\"16\">O curso oferecido auxilia na mobiliza\u00e7\u00e3o em casos de emerg\u00eancia entre os colaboradores e no atendimento ao mun\u00edcipe. S\u00e3o t\u00e9cnicas b\u00e1sicas que podem salvar vidas em perigo.<\/p>\n","protected":false},"excerpt":{"rendered":"<p>A Secretaria Municipal de Assist\u00eancia Social (SMAS) de Tr\u00eas Lagoas, em parceria com o Servi\u00e7o Nacional de Aprendizagem Rural (Senar), realizou na ter\u00e7a-feira, 18 de junho, capacita\u00e7\u00e3o sobre no\u00e7\u00f5es de primeiros socorros na sede da SMAS. O objetivo foi ensinar procedimentos b\u00e1sicos de socorro emergencial para serem utilizados no ambiente de trabalho em caso de [&hellip;]<\/p>\n","protected":false},"author":2,"featured_media":27901,"comment_status":"open","ping_status":"open","sticky":false,"template":"","format":"standard","meta":{"om_disable_all_campaigns":false,"_monsterinsights_skip_tracking":false,"_monsterinsights_sitenote_active":false,"_monsterinsights_sitenote_note":"","_monsterinsights_sitenote_category":0,"footnotes":""},"categories":[36,44,48],"tags":[],"aioseo_notices":[],"_links":{"self":[{"href":"https:\/\/expressaoms.com.br\/index.php\/wp-json\/wp\/v2\/posts\/27900"}],"collection":[{"href":"https:\/\/expressaoms.com.br\/index.php\/wp-json\/wp\/v2\/posts"}],"about":[{"href":"https:\/\/expressaoms.com.br\/index.php\/wp-json\/wp\/v2\/types\/post"}],"author":[{"embeddable":true,"href":"https:\/\/expressaoms.com.br\/index.php\/wp-json\/wp\/v2\/users\/2"}],"replies":[{"embeddable":true,"href":"https:\/\/expressaoms.com.br\/index.php\/wp-json\/wp\/v2\/comments?post=27900"}],"version-history":[{"count":1,"href":"https:\/\/expressaoms.com.br\/index.php\/wp-json\/wp\/v2\/posts\/27900\/revisions"}],"predecessor-version":[{"id":27902,"href":"https:\/\/expressaoms.com.br\/index.php\/wp-json\/wp\/v2\/posts\/27900\/revisions\/27902"}],"wp:featuredmedia":[{"embeddable":true,"href":"https:\/\/expressaoms.com.br\/index.php\/wp-json\/wp\/v2\/media\/27901"}],"wp:attachment":[{"href":"https:\/\/expressaoms.com.br\/index.php\/wp-json\/wp\/v2\/media?parent=27900"}],"wp:term":[{"taxonomy":"category","embeddable":true,"href":"https:\/\/expressaoms.com.br\/index.php\/wp-json\/wp\/v2\/categories?post=27900"},{"taxonomy":"post_tag","embeddable":true,"href":"https:\/\/expressaoms.com.br\/index.php\/wp-json\/wp\/v2\/tags?post=27900"}],"curies":[{"name":"wp","href":"https:\/\/api.w.org\/{rel}","templated":true}]}}