{"id":2791,"date":"2021-12-06T19:29:59","date_gmt":"2021-12-06T22:29:59","guid":{"rendered":"https:\/\/expressaoms.com.br\/?p=2791"},"modified":"2021-12-06T19:29:59","modified_gmt":"2021-12-06T22:29:59","slug":"correios-recebem-189-milhoes-de-encomendas-na-black-friday-2021","status":"publish","type":"post","link":"https:\/\/expressaoms.com.br\/index.php\/2021\/12\/06\/correios-recebem-189-milhoes-de-encomendas-na-black-friday-2021\/","title":{"rendered":"Correios recebem 18,9 milh\u00f5es de encomendas na Black Friday 2021"},"content":{"rendered":"<p>Os Correios receberam mais de 18,9 milh\u00f5es encomendas na Black Friday deste ano. Conforme o balan\u00e7o da empresa, que abrange at\u00e9 a sexta-feira (3), o volume supera o do ano passado em 42%.<\/p>\n<p>S\u00f3 no dia 29 de novembro os Correios, foram quase 3,4 milh\u00f5es de encomendas, o que equivale a 417 mil por hora, 7 mil por minuto ou 116 volumes sendo postados por segundo, n\u00famero \u00e9 33% maior que o registrado na mesma data em 2020.<\/p>\n<p>Em nota, os Correios afirmam que \u201cdesempenho superior representa a confian\u00e7a do mercado nos importantes esfor\u00e7os da empresa, para entregar a melhor experi\u00eancia aos clientes, vendedores e compradores\u201d.<\/p>\n<p>\u00c0s v\u00e9speras da Black Friday, o presidente dos Correios, Floriano Peixoto, disse que a estatal estava\u00a0<a href=\"https:\/\/agenciabrasil.ebc.com.br\/geral\/noticia\/2021-11\/correios-estao-prontos-para-black-friday-diz-presidente-da-estatal\" target=\"_blank\" rel=\"noopener\">pronta para atender a demanda de encomendas<\/a>. Peixoto destacou a capilaridade da estatal, bem como sua condi\u00e7\u00e3o de maior operador log\u00edstico do com\u00e9rcio eletr\u00f4nico do Pa\u00eds. \u201cA Black Friday tem sido, nos \u00faltimos anos, uma experi\u00eancia exitosa na empresa\u201d,afirmou.<img decoding=\"async\" src=\"https:\/\/agenciabrasil.ebc.com.br\/ebc.png?id=1430635&amp;o=node\" \/><img decoding=\"async\" src=\"https:\/\/agenciabrasil.ebc.com.br\/ebc.gif?id=1430635&amp;o=node\" \/><\/p>\n<p>&nbsp;<\/p>\n<pre>Fonte: Ag\u00eancia Brasil.<\/pre>\n","protected":false},"excerpt":{"rendered":"<p>Os Correios receberam mais de 18,9 milh\u00f5es encomendas na Black Friday deste ano. Conforme o balan\u00e7o da empresa, que abrange at\u00e9 a sexta-feira (3), o volume supera o do ano passado em 42%. S\u00f3 no dia 29 de novembro os Correios, foram quase 3,4 milh\u00f5es de encomendas, o que equivale a 417 mil por hora, [&hellip;]<\/p>\n","protected":false},"author":3,"featured_media":2792,"comment_status":"open","ping_status":"open","sticky":false,"template":"","format":"standard","meta":{"om_disable_all_campaigns":false,"_monsterinsights_skip_tracking":false,"_monsterinsights_sitenote_active":false,"_monsterinsights_sitenote_note":"","_monsterinsights_sitenote_category":0,"footnotes":""},"categories":[30,31],"tags":[],"aioseo_notices":[],"_links":{"self":[{"href":"https:\/\/expressaoms.com.br\/index.php\/wp-json\/wp\/v2\/posts\/2791"}],"collection":[{"href":"https:\/\/expressaoms.com.br\/index.php\/wp-json\/wp\/v2\/posts"}],"about":[{"href":"https:\/\/expressaoms.com.br\/index.php\/wp-json\/wp\/v2\/types\/post"}],"author":[{"embeddable":true,"href":"https:\/\/expressaoms.com.br\/index.php\/wp-json\/wp\/v2\/users\/3"}],"replies":[{"embeddable":true,"href":"https:\/\/expressaoms.com.br\/index.php\/wp-json\/wp\/v2\/comments?post=2791"}],"version-history":[{"count":1,"href":"https:\/\/expressaoms.com.br\/index.php\/wp-json\/wp\/v2\/posts\/2791\/revisions"}],"predecessor-version":[{"id":2793,"href":"https:\/\/expressaoms.com.br\/index.php\/wp-json\/wp\/v2\/posts\/2791\/revisions\/2793"}],"wp:featuredmedia":[{"embeddable":true,"href":"https:\/\/expressaoms.com.br\/index.php\/wp-json\/wp\/v2\/media\/2792"}],"wp:attachment":[{"href":"https:\/\/expressaoms.com.br\/index.php\/wp-json\/wp\/v2\/media?parent=2791"}],"wp:term":[{"taxonomy":"category","embeddable":true,"href":"https:\/\/expressaoms.com.br\/index.php\/wp-json\/wp\/v2\/categories?post=2791"},{"taxonomy":"post_tag","embeddable":true,"href":"https:\/\/expressaoms.com.br\/index.php\/wp-json\/wp\/v2\/tags?post=2791"}],"curies":[{"name":"wp","href":"https:\/\/api.w.org\/{rel}","templated":true}]}}