{"id":27933,"date":"2024-06-19T18:20:01","date_gmt":"2024-06-19T21:20:01","guid":{"rendered":"https:\/\/expressaoms.com.br\/?p=27933"},"modified":"2024-06-19T18:20:01","modified_gmt":"2024-06-19T21:20:01","slug":"tres-lagoas-promove-blitz-educativa-em-campanha-de-conscientizacao-sobre-a-violencia-contra-idosos","status":"publish","type":"post","link":"https:\/\/expressaoms.com.br\/index.php\/2024\/06\/19\/tres-lagoas-promove-blitz-educativa-em-campanha-de-conscientizacao-sobre-a-violencia-contra-idosos\/","title":{"rendered":"Tr\u00eas Lagoas promove blitz educativa em campanha de conscientiza\u00e7\u00e3o sobre a viol\u00eancia contra idosos"},"content":{"rendered":"<p>Nesta quarta-feira, 19 de junho, a cidade de Tr\u00eas Lagoas foi palco de uma importante a\u00e7\u00e3o de conscientiza\u00e7\u00e3o promovida pelo 2\u00ba Batalh\u00e3o de Pol\u00edcia Militar, em parceria com a Patrulha Mirim da Pol\u00edcia Militar e o Departamento Municipal de Tr\u00e2nsito. A &#8220;Blitz Educativa&#8221; integrou a campanha Junho Prata, voltada para o enfrentamento da viol\u00eancia contra a pessoa idosa.<\/p>\n<p>Durante a Blitz, realizada em pontos estrat\u00e9gicos da cidade, policiais militares e jovens da Patrulha Mirim distribu\u00edram panfletos e forneceram orienta\u00e7\u00f5es \u00e0 popula\u00e7\u00e3o. A a\u00e7\u00e3o teve como objetivo principal sensibilizar a comunidade sobre a import\u00e2ncia de respeitar a integridade f\u00edsica e ps\u00edquica dos idosos, um segmento da popula\u00e7\u00e3o muitas vezes vulner\u00e1vel a diversos tipos de viol\u00eancia.<\/p>\n<p>A campanha Junho Prata \u00e9 uma iniciativa que visa n\u00e3o apenas a conscientiza\u00e7\u00e3o, mas tamb\u00e9m a promo\u00e7\u00e3o de a\u00e7\u00f5es preventivas para garantir o bem-estar e a seguran\u00e7a dos idosos. Durante a Blitz Educativa, foram destacados os direitos dos idosos e a import\u00e2ncia de denunciar qualquer tipo de abuso ou neglig\u00eancia.<\/p>\n<p>A participa\u00e7\u00e3o ativa da Patrulha Mirim na Blitz Educativa foi um ponto alto da a\u00e7\u00e3o, evidenciando o papel crucial da educa\u00e7\u00e3o e do engajamento das novas gera\u00e7\u00f5es na promo\u00e7\u00e3o de uma cultura de respeito e prote\u00e7\u00e3o aos idosos.<\/p>\n<p><img fetchpriority=\"high\" decoding=\"async\" class=\"alignnone size-full wp-image-27935\" src=\"https:\/\/expressaoms.com.br\/wp-content\/uploads\/2024\/06\/448536173_874385818068413_7382273562432261589_n.jpg\" alt=\"\" width=\"1080\" height=\"1080\" srcset=\"https:\/\/expressaoms.com.br\/wp-content\/uploads\/2024\/06\/448536173_874385818068413_7382273562432261589_n.jpg 1080w, https:\/\/expressaoms.com.br\/wp-content\/uploads\/2024\/06\/448536173_874385818068413_7382273562432261589_n-300x300.jpg 300w, https:\/\/expressaoms.com.br\/wp-content\/uploads\/2024\/06\/448536173_874385818068413_7382273562432261589_n-1024x1024.jpg 1024w, https:\/\/expressaoms.com.br\/wp-content\/uploads\/2024\/06\/448536173_874385818068413_7382273562432261589_n-150x150.jpg 150w, https:\/\/expressaoms.com.br\/wp-content\/uploads\/2024\/06\/448536173_874385818068413_7382273562432261589_n-768x768.jpg 768w, https:\/\/expressaoms.com.br\/wp-content\/uploads\/2024\/06\/448536173_874385818068413_7382273562432261589_n-600x600.jpg 600w, https:\/\/expressaoms.com.br\/wp-content\/uploads\/2024\/06\/448536173_874385818068413_7382273562432261589_n-100x100.jpg 100w\" sizes=\"(max-width: 1080px) 100vw, 1080px\" \/><\/p>\n","protected":false},"excerpt":{"rendered":"<p>Nesta quarta-feira, 19 de junho, a cidade de Tr\u00eas Lagoas foi palco de uma importante a\u00e7\u00e3o de conscientiza\u00e7\u00e3o promovida pelo 2\u00ba Batalh\u00e3o de Pol\u00edcia Militar, em parceria com a Patrulha Mirim da Pol\u00edcia Militar e o Departamento Municipal de Tr\u00e2nsito. A &#8220;Blitz Educativa&#8221; integrou a campanha Junho Prata, voltada para o enfrentamento da viol\u00eancia contra [&hellip;]<\/p>\n","protected":false},"author":2,"featured_media":27934,"comment_status":"open","ping_status":"open","sticky":false,"template":"","format":"standard","meta":{"om_disable_all_campaigns":false,"_monsterinsights_skip_tracking":false,"_monsterinsights_sitenote_active":false,"_monsterinsights_sitenote_note":"","_monsterinsights_sitenote_category":0,"footnotes":""},"categories":[30,41,48],"tags":[],"aioseo_notices":[],"_links":{"self":[{"href":"https:\/\/expressaoms.com.br\/index.php\/wp-json\/wp\/v2\/posts\/27933"}],"collection":[{"href":"https:\/\/expressaoms.com.br\/index.php\/wp-json\/wp\/v2\/posts"}],"about":[{"href":"https:\/\/expressaoms.com.br\/index.php\/wp-json\/wp\/v2\/types\/post"}],"author":[{"embeddable":true,"href":"https:\/\/expressaoms.com.br\/index.php\/wp-json\/wp\/v2\/users\/2"}],"replies":[{"embeddable":true,"href":"https:\/\/expressaoms.com.br\/index.php\/wp-json\/wp\/v2\/comments?post=27933"}],"version-history":[{"count":1,"href":"https:\/\/expressaoms.com.br\/index.php\/wp-json\/wp\/v2\/posts\/27933\/revisions"}],"predecessor-version":[{"id":27936,"href":"https:\/\/expressaoms.com.br\/index.php\/wp-json\/wp\/v2\/posts\/27933\/revisions\/27936"}],"wp:featuredmedia":[{"embeddable":true,"href":"https:\/\/expressaoms.com.br\/index.php\/wp-json\/wp\/v2\/media\/27934"}],"wp:attachment":[{"href":"https:\/\/expressaoms.com.br\/index.php\/wp-json\/wp\/v2\/media?parent=27933"}],"wp:term":[{"taxonomy":"category","embeddable":true,"href":"https:\/\/expressaoms.com.br\/index.php\/wp-json\/wp\/v2\/categories?post=27933"},{"taxonomy":"post_tag","embeddable":true,"href":"https:\/\/expressaoms.com.br\/index.php\/wp-json\/wp\/v2\/tags?post=27933"}],"curies":[{"name":"wp","href":"https:\/\/api.w.org\/{rel}","templated":true}]}}