{"id":27972,"date":"2024-06-21T09:54:53","date_gmt":"2024-06-21T12:54:53","guid":{"rendered":"https:\/\/expressaoms.com.br\/?p=27972"},"modified":"2024-06-21T11:55:36","modified_gmt":"2024-06-21T14:55:36","slug":"governo-estadual-firma-convenio-de-r-63-milhoes-para-modernizacao-do-aeroporto-de-tl","status":"publish","type":"post","link":"https:\/\/expressaoms.com.br\/index.php\/2024\/06\/21\/governo-estadual-firma-convenio-de-r-63-milhoes-para-modernizacao-do-aeroporto-de-tl\/","title":{"rendered":"Governo Estadual firma conv\u00eanio de R$ 6,3 milh\u00f5es para moderniza\u00e7\u00e3o do Aeroporto de TL"},"content":{"rendered":"<p data-raofz=\"16\">No final de 2023, a Prefeitura de Tr\u00eas Lagoas solicitou ao Governo Estadual recursos que resultou no conv\u00eanio com a Ag\u00eancia Estadual de Gest\u00e3o de Empreendimentos do Mato Grosso do Sul (AGESUL) no valor de R$ 6,3 milh\u00f5es para executar obras no Aeroporto Municipal Pl\u00ednio Alarcon, sendo elas:<\/p>\n<ul>\n<li data-raofz=\"16\">Amplia\u00e7\u00e3o do P\u00e1tio Principal: Para aeronaves de grande porte.<\/li>\n<li data-raofz=\"16\">Infraestruturas Hidrossanit\u00e1rias e Pluviais: Para a nova \u00e1rea de hangares.<\/li>\n<li data-raofz=\"16\">Reforma do Taxiway: Acesso aos novos hangares.<\/li>\n<li data-raofz=\"16\">Portaria e Guarita: Novo acesso controlado.<\/li>\n<li data-raofz=\"16\">Cercamento: Seguran\u00e7a perimetral.<\/li>\n<li data-raofz=\"16\">Pista de Acesso aos Hangares.<\/li>\n<li data-raofz=\"16\">Reforma na Se\u00e7\u00e3o Contra Inc\u00eandio (SCI).<\/li>\n<li data-raofz=\"16\">Ilumina\u00e7\u00e3o: Na nova \u00e1rea de hangares e no p\u00e1tio ampliado.<\/li>\n<\/ul>\n<p data-raofz=\"16\">SITUA\u00c7\u00c3O ATUAL<\/p>\n<p data-raofz=\"16\">O aeroporto possui um p\u00e1tio principal com apenas quatro vagas para avia\u00e7\u00e3o geral, sendo as vezes inadequado para a quantidade e o tamanho das aeronaves que pousam. Al\u00e9m disso, a presen\u00e7a de hangares e outras infraestruturas impedem a opera\u00e7\u00e3o por instrumentos (IFR), limitando o uso noturno e da avia\u00e7\u00e3o regular com opera\u00e7\u00e3o a jatos.<\/p>\n<p data-raofz=\"16\">No anivers\u00e1rio da cidade, em 15 de junho, foi entregue pelo prefeito \u00c2ngelo Guerreiro ao governador Eduardo Riedel, of\u00edcio de solicita\u00e7\u00e3o de mais recursos dando continuidade as melhorias para o aeroporto.<\/p>\n<p data-raofz=\"16\">OBRAS SOLICITADAS<\/p>\n<ul>\n<li data-raofz=\"16\">Recapeamento e sinaliza\u00e7\u00e3o: Pista de pouso e decolagem, taxiway e p\u00e1tio de estacionamento.<\/li>\n<li data-raofz=\"16\">Amplia\u00e7\u00e3o da pista de pouso e decolagem: Com readequa\u00e7\u00e3o dos aux\u00edlios luminosos para opera\u00e7\u00e3o IFR de precis\u00e3o.<\/li>\n<li data-raofz=\"16\">Instala\u00e7\u00e3o de PAPI: Indicador de trajet\u00f3ria de aproxima\u00e7\u00e3o na cabeceira 25.<\/li>\n<\/ul>\n<p data-raofz=\"16\">Essas obras s\u00e3o essenciais para melhorar a opera\u00e7\u00e3o e a seguran\u00e7a do aeroporto, atendendo \u00e0 crescente demanda da avia\u00e7\u00e3o geral e empresarial do munic\u00edpio<\/p>\n","protected":false},"excerpt":{"rendered":"<p>No final de 2023, a Prefeitura de Tr\u00eas Lagoas solicitou ao Governo Estadual recursos que resultou no conv\u00eanio com a Ag\u00eancia Estadual de Gest\u00e3o de Empreendimentos do Mato Grosso do Sul (AGESUL) no valor de R$ 6,3 milh\u00f5es para executar obras no Aeroporto Municipal Pl\u00ednio Alarcon, sendo elas: Amplia\u00e7\u00e3o do P\u00e1tio Principal: Para aeronaves de [&hellip;]<\/p>\n","protected":false},"author":2,"featured_media":27973,"comment_status":"open","ping_status":"open","sticky":false,"template":"","format":"standard","meta":{"om_disable_all_campaigns":false,"_monsterinsights_skip_tracking":false,"_monsterinsights_sitenote_active":false,"_monsterinsights_sitenote_note":"","_monsterinsights_sitenote_category":0,"footnotes":""},"categories":[30,36,266,192,48],"tags":[],"aioseo_notices":[],"_links":{"self":[{"href":"https:\/\/expressaoms.com.br\/index.php\/wp-json\/wp\/v2\/posts\/27972"}],"collection":[{"href":"https:\/\/expressaoms.com.br\/index.php\/wp-json\/wp\/v2\/posts"}],"about":[{"href":"https:\/\/expressaoms.com.br\/index.php\/wp-json\/wp\/v2\/types\/post"}],"author":[{"embeddable":true,"href":"https:\/\/expressaoms.com.br\/index.php\/wp-json\/wp\/v2\/users\/2"}],"replies":[{"embeddable":true,"href":"https:\/\/expressaoms.com.br\/index.php\/wp-json\/wp\/v2\/comments?post=27972"}],"version-history":[{"count":1,"href":"https:\/\/expressaoms.com.br\/index.php\/wp-json\/wp\/v2\/posts\/27972\/revisions"}],"predecessor-version":[{"id":27974,"href":"https:\/\/expressaoms.com.br\/index.php\/wp-json\/wp\/v2\/posts\/27972\/revisions\/27974"}],"wp:featuredmedia":[{"embeddable":true,"href":"https:\/\/expressaoms.com.br\/index.php\/wp-json\/wp\/v2\/media\/27973"}],"wp:attachment":[{"href":"https:\/\/expressaoms.com.br\/index.php\/wp-json\/wp\/v2\/media?parent=27972"}],"wp:term":[{"taxonomy":"category","embeddable":true,"href":"https:\/\/expressaoms.com.br\/index.php\/wp-json\/wp\/v2\/categories?post=27972"},{"taxonomy":"post_tag","embeddable":true,"href":"https:\/\/expressaoms.com.br\/index.php\/wp-json\/wp\/v2\/tags?post=27972"}],"curies":[{"name":"wp","href":"https:\/\/api.w.org\/{rel}","templated":true}]}}