{"id":27981,"date":"2024-06-21T09:01:51","date_gmt":"2024-06-21T12:01:51","guid":{"rendered":"https:\/\/expressaoms.com.br\/?p=27981"},"modified":"2024-06-21T12:03:25","modified_gmt":"2024-06-21T15:03:25","slug":"policia-militar-de-tres-lagoas-cumpre-dois-mandados-de-prisao-em-operacoes-distintas","status":"publish","type":"post","link":"https:\/\/expressaoms.com.br\/index.php\/2024\/06\/21\/policia-militar-de-tres-lagoas-cumpre-dois-mandados-de-prisao-em-operacoes-distintas\/","title":{"rendered":"Pol\u00edcia Militar de Tr\u00eas Lagoas cumpre dois mandados de pris\u00e3o em opera\u00e7\u00f5es distintas"},"content":{"rendered":"<p>Em uma opera\u00e7\u00e3o realizada na tarde de quinta-feira, 20 de junho, a Pol\u00edcia Militar do 2\u00ba Batalh\u00e3o de Pol\u00edcia Militar de Tr\u00eas Lagoas executou o cumprimento de dois mandados de pris\u00e3o. As a\u00e7\u00f5es ocorreram em dois locais distintos da cidade e resultaram na deten\u00e7\u00e3o de dois indiv\u00edduos.<\/p>\n<p>\u00c0s 13h, uma guarni\u00e7\u00e3o da For\u00e7a T\u00e1tica do 2\u00ba BPM realizou a abordagem de um homem de 25 anos no condom\u00ednio Gilson Teixeira. Durante a verifica\u00e7\u00e3o dos sistemas policiais, constatou-se que havia um mandado de pris\u00e3o em aberto contra ele, expedido pela 2\u00aa Vara Criminal de Tr\u00eas Lagoas, pelo crime de tr\u00e1fico de drogas. O indiv\u00edduo foi imediatamente detido e encaminhado para a Delegacia de Pol\u00edcia.<\/p>\n<p>Cerca de meia hora depois, por volta das 13h30, uma guarni\u00e7\u00e3o de radiopatrulha abordou outro homem, tamb\u00e9m de 25 anos, no condom\u00ednio Bem Te Vi, localizado no residencial Novo Oeste. Durante a abordagem, os policiais verificaram que o suspeito possu\u00eda um mandado de pris\u00e3o expedido pela 1\u00aa Vara Civil da comarca de Tr\u00eas Lagoas-MS. Assim como no primeiro caso, ap\u00f3s a voz de pris\u00e3o, o indiv\u00edduo foi conduzido \u00e0 Delegacia de Pol\u00edcia.<\/p>\n","protected":false},"excerpt":{"rendered":"<p>Em uma opera\u00e7\u00e3o realizada na tarde de quinta-feira, 20 de junho, a Pol\u00edcia Militar do 2\u00ba Batalh\u00e3o de Pol\u00edcia Militar de Tr\u00eas Lagoas executou o cumprimento de dois mandados de pris\u00e3o. As a\u00e7\u00f5es ocorreram em dois locais distintos da cidade e resultaram na deten\u00e7\u00e3o de dois indiv\u00edduos. \u00c0s 13h, uma guarni\u00e7\u00e3o da For\u00e7a T\u00e1tica do [&hellip;]<\/p>\n","protected":false},"author":2,"featured_media":27982,"comment_status":"open","ping_status":"open","sticky":false,"template":"","format":"standard","meta":{"om_disable_all_campaigns":false,"_monsterinsights_skip_tracking":false,"_monsterinsights_sitenote_active":false,"_monsterinsights_sitenote_note":"","_monsterinsights_sitenote_category":0,"footnotes":""},"categories":[30,41,48],"tags":[],"aioseo_notices":[],"_links":{"self":[{"href":"https:\/\/expressaoms.com.br\/index.php\/wp-json\/wp\/v2\/posts\/27981"}],"collection":[{"href":"https:\/\/expressaoms.com.br\/index.php\/wp-json\/wp\/v2\/posts"}],"about":[{"href":"https:\/\/expressaoms.com.br\/index.php\/wp-json\/wp\/v2\/types\/post"}],"author":[{"embeddable":true,"href":"https:\/\/expressaoms.com.br\/index.php\/wp-json\/wp\/v2\/users\/2"}],"replies":[{"embeddable":true,"href":"https:\/\/expressaoms.com.br\/index.php\/wp-json\/wp\/v2\/comments?post=27981"}],"version-history":[{"count":1,"href":"https:\/\/expressaoms.com.br\/index.php\/wp-json\/wp\/v2\/posts\/27981\/revisions"}],"predecessor-version":[{"id":27983,"href":"https:\/\/expressaoms.com.br\/index.php\/wp-json\/wp\/v2\/posts\/27981\/revisions\/27983"}],"wp:featuredmedia":[{"embeddable":true,"href":"https:\/\/expressaoms.com.br\/index.php\/wp-json\/wp\/v2\/media\/27982"}],"wp:attachment":[{"href":"https:\/\/expressaoms.com.br\/index.php\/wp-json\/wp\/v2\/media?parent=27981"}],"wp:term":[{"taxonomy":"category","embeddable":true,"href":"https:\/\/expressaoms.com.br\/index.php\/wp-json\/wp\/v2\/categories?post=27981"},{"taxonomy":"post_tag","embeddable":true,"href":"https:\/\/expressaoms.com.br\/index.php\/wp-json\/wp\/v2\/tags?post=27981"}],"curies":[{"name":"wp","href":"https:\/\/api.w.org\/{rel}","templated":true}]}}