{"id":28125,"date":"2024-06-28T09:12:23","date_gmt":"2024-06-28T13:12:23","guid":{"rendered":"https:\/\/expressaoms.com.br\/?p=28125"},"modified":"2024-06-28T09:12:23","modified_gmt":"2024-06-28T13:12:23","slug":"tres-lagoas-realiza-monitoramento-das-estrategias-de-vacinacao-contra-poliomielite-e-sarampo","status":"publish","type":"post","link":"https:\/\/expressaoms.com.br\/index.php\/2024\/06\/28\/tres-lagoas-realiza-monitoramento-das-estrategias-de-vacinacao-contra-poliomielite-e-sarampo\/","title":{"rendered":"Tr\u00eas Lagoas realiza monitoramento das estrat\u00e9gias de vacina\u00e7\u00e3o contra poliomielite e sarampo"},"content":{"rendered":"<p>A Prefeitura de Tr\u00eas Lagoas, por meio da Secretaria Municipal de Sa\u00fade (SMS), anuncia a realiza\u00e7\u00e3o do monitoramento das estrat\u00e9gias de Vacina\u00e7\u00e3o (MEV) contra a poliomielite e o sarampo. Esta campanha ocorrer\u00e1 em todo o Brasil durante o m\u00eas de julho, alinhada com os compromissos internacionais para a erradica\u00e7\u00e3o da poliomielite e elimina\u00e7\u00e3o do sarampo, conforme as recomenda\u00e7\u00f5es da Organiza\u00e7\u00e3o Mundial da Sa\u00fade (OMS) e suas Comiss\u00f5es Globais e Regionais.<\/p>\n<h3>Objetivo do MEV<\/h3>\n<p>O MEV visa avaliar o progresso das campanhas de vacina\u00e7\u00e3o e identificar \u00e1reas com baixa cobertura vacinal, focando no rastreamento e vacina\u00e7\u00e3o de crian\u00e7as menores de 5 anos que ainda n\u00e3o foram imunizadas. Este monitoramento \u00e9 crucial para garantir a prote\u00e7\u00e3o das crian\u00e7as e contribuir para a erradica\u00e7\u00e3o dessas doen\u00e7as.<\/p>\n<h3>Metodologia e Execu\u00e7\u00e3o<\/h3>\n<p>Durante o m\u00eas de julho, equipes da SMS visitar\u00e3o aleatoriamente 260 crian\u00e7as em Tr\u00eas Lagoas, verificando as carteirinhas de vacina\u00e7\u00e3o e aplicando as doses faltantes das vacinas contra poliomielite e sarampo. As visitas ocorrer\u00e3o em todos os bairros do munic\u00edpio, incluindo o Distrito do Arapu\u00e1.<\/p>\n<h3>Import\u00e2ncia da Campanha<\/h3>\n<p>Esta campanha \u00e9 essencial para garantir a prote\u00e7\u00e3o das crian\u00e7as do munic\u00edpio e contribuir para um futuro mais saud\u00e1vel para todos. A participa\u00e7\u00e3o das fam\u00edlias \u00e9 fundamental para o sucesso do MEV, assegurando que todas as crian\u00e7as sejam vacinadas e estejam protegidas contra essas doen\u00e7as preven\u00edveis.<\/p>\n","protected":false},"excerpt":{"rendered":"<p>A Prefeitura de Tr\u00eas Lagoas, por meio da Secretaria Municipal de Sa\u00fade (SMS), anuncia a realiza\u00e7\u00e3o do monitoramento das estrat\u00e9gias de Vacina\u00e7\u00e3o (MEV) contra a poliomielite e o sarampo. Esta campanha ocorrer\u00e1 em todo o Brasil durante o m\u00eas de julho, alinhada com os compromissos internacionais para a erradica\u00e7\u00e3o da poliomielite e elimina\u00e7\u00e3o do sarampo, [&hellip;]<\/p>\n","protected":false},"author":2,"featured_media":28126,"comment_status":"open","ping_status":"open","sticky":false,"template":"","format":"standard","meta":{"om_disable_all_campaigns":false,"_monsterinsights_skip_tracking":false,"_monsterinsights_sitenote_active":false,"_monsterinsights_sitenote_note":"","_monsterinsights_sitenote_category":0,"footnotes":""},"categories":[36,44,48],"tags":[],"aioseo_notices":[],"_links":{"self":[{"href":"https:\/\/expressaoms.com.br\/index.php\/wp-json\/wp\/v2\/posts\/28125"}],"collection":[{"href":"https:\/\/expressaoms.com.br\/index.php\/wp-json\/wp\/v2\/posts"}],"about":[{"href":"https:\/\/expressaoms.com.br\/index.php\/wp-json\/wp\/v2\/types\/post"}],"author":[{"embeddable":true,"href":"https:\/\/expressaoms.com.br\/index.php\/wp-json\/wp\/v2\/users\/2"}],"replies":[{"embeddable":true,"href":"https:\/\/expressaoms.com.br\/index.php\/wp-json\/wp\/v2\/comments?post=28125"}],"version-history":[{"count":1,"href":"https:\/\/expressaoms.com.br\/index.php\/wp-json\/wp\/v2\/posts\/28125\/revisions"}],"predecessor-version":[{"id":28127,"href":"https:\/\/expressaoms.com.br\/index.php\/wp-json\/wp\/v2\/posts\/28125\/revisions\/28127"}],"wp:featuredmedia":[{"embeddable":true,"href":"https:\/\/expressaoms.com.br\/index.php\/wp-json\/wp\/v2\/media\/28126"}],"wp:attachment":[{"href":"https:\/\/expressaoms.com.br\/index.php\/wp-json\/wp\/v2\/media?parent=28125"}],"wp:term":[{"taxonomy":"category","embeddable":true,"href":"https:\/\/expressaoms.com.br\/index.php\/wp-json\/wp\/v2\/categories?post=28125"},{"taxonomy":"post_tag","embeddable":true,"href":"https:\/\/expressaoms.com.br\/index.php\/wp-json\/wp\/v2\/tags?post=28125"}],"curies":[{"name":"wp","href":"https:\/\/api.w.org\/{rel}","templated":true}]}}