{"id":28286,"date":"2024-07-05T07:07:54","date_gmt":"2024-07-05T11:07:54","guid":{"rendered":"https:\/\/expressaoms.com.br\/?p=28286"},"modified":"2024-07-05T08:08:29","modified_gmt":"2024-07-05T12:08:29","slug":"sexta-feira-tem-previsao-de-altas-temperaturas-e-tempo-seco-em-mato-grosso-do-sul","status":"publish","type":"post","link":"https:\/\/expressaoms.com.br\/index.php\/2024\/07\/05\/sexta-feira-tem-previsao-de-altas-temperaturas-e-tempo-seco-em-mato-grosso-do-sul\/","title":{"rendered":"Sexta-feira tem previs\u00e3o de altas temperaturas e tempo seco em Mato Grosso do Sul"},"content":{"rendered":"<p>Com sol e varia\u00e7\u00e3o de nebulosidade, a previs\u00e3o para esta sexta-feira (5) indica continuidade do tempo seco em Mato Grosso do Sul. De acordo com o Cemtec (Centro de Monitoramento do Tempo e do Clima), esta situa\u00e7\u00e3o meteorol\u00f3gica ocorre devido a atua\u00e7\u00e3o de um sistema de alta press\u00e3o atmosf\u00e9rica, que favorece as temperaturas mais altas.<\/p>\n<p>Aliado ao calor, registra-se ainda baixos valores de umidade relativa do ar, entre 15% e 30%, com destaque nas regi\u00f5es norte, Pantanal e Bols\u00e3o. Por isso, recomenda-se beber bastante l\u00edquido, umidificar os ambientes e evitar exposi\u00e7\u00e3o ao sol nos hor\u00e1rios mais quentes e secos do dia e, devido ao ambiente atmosf\u00e9rico prop\u00edcio para ocorr\u00eancia de inc\u00eandios florestais, a orienta\u00e7\u00e3o \u00e9 que a popula\u00e7\u00e3o n\u00e3o coloque fogo em nenhuma situa\u00e7\u00e3o.<\/p>\n<p>Nesta sexta, Campo Grande amanhece com 19\u00b0C e atinge 31\u00b0C \u00e0 tarde. Dourados e Anauril\u00e2ndia registram temperaturas semelhantes, com m\u00ednimas de 16\u00b0C e m\u00e1ximas de 32\u00b0C. Na regi\u00e3o Sul-Fronteira, Ponta Por\u00e3 apresenta varia\u00e7\u00e3o entre 16\u00b0C e 29\u00b0C<\/p>\n<p>Na regi\u00e3o do Bols\u00e3o, Parana\u00edba e Tr\u00eas Lagoas chegam aos 31\u00b0C nos hor\u00e1rios mais quentes do dia, com m\u00ednimas respectivas de 15\u00b0C e 18\u00b0C. Em Coxim, no Norte do Estado, a m\u00ednima \u00e9 de 17\u00b0C e a m\u00e1xima de 34\u00b0C.<\/p>\n<p>No Pantanal, os term\u00f4metros em Corumb\u00e1 marcam 22\u00b0C inicialmente e registram 34\u00b0C \u00e0 tarde, j\u00e1 os valores em Aquidauana variam entre 18\u00b0C e 34\u00b0C. Na regi\u00e3o sudoeste, Porto Murtinho apresenta 18\u00b0C pela manh\u00e3, com m\u00e1xima de 30\u00b0C.<\/p>\n<div id=\"gallery-1\" class=\"gallery galleryid-482536 gallery-columns-1 gallery-size-large\">\n<figure class=\"gallery-item\">\n<div class=\"gallery-icon landscape\"><a href=\"https:\/\/agenciadenoticias.ms.gov.br\/wp-content\/uploads\/2024\/07\/Mapa-Previsao-05-07-24.jpeg\"><img fetchpriority=\"high\" decoding=\"async\" class=\"attachment-large size-large\" src=\"https:\/\/agenciadenoticias.ms.gov.br\/wp-content\/uploads\/2024\/07\/Mapa-Previsao-05-07-24-1024x724.jpeg\" sizes=\"(max-width: 1024px) 100vw, 1024px\" srcset=\"https:\/\/agenciadenoticias.ms.gov.br\/wp-content\/uploads\/2024\/07\/Mapa-Previsao-05-07-24-1024x724.jpeg 1024w, https:\/\/agenciadenoticias.ms.gov.br\/wp-content\/uploads\/2024\/07\/Mapa-Previsao-05-07-24-300x212.jpeg 300w, https:\/\/agenciadenoticias.ms.gov.br\/wp-content\/uploads\/2024\/07\/Mapa-Previsao-05-07-24-768x543.jpeg 768w, https:\/\/agenciadenoticias.ms.gov.br\/wp-content\/uploads\/2024\/07\/Mapa-Previsao-05-07-24-1536x1086.jpeg 1536w, https:\/\/agenciadenoticias.ms.gov.br\/wp-content\/uploads\/2024\/07\/Mapa-Previsao-05-07-24-340x240.jpeg 340w, https:\/\/agenciadenoticias.ms.gov.br\/wp-content\/uploads\/2024\/07\/Mapa-Previsao-05-07-24.jpeg 1600w\" alt=\"\" width=\"1024\" height=\"724\" \/><\/a><\/div>\n<\/figure>\n<\/div>\n","protected":false},"excerpt":{"rendered":"<p>Com sol e varia\u00e7\u00e3o de nebulosidade, a previs\u00e3o para esta sexta-feira (5) indica continuidade do tempo seco em Mato Grosso do Sul. De acordo com o Cemtec (Centro de Monitoramento do Tempo e do Clima), esta situa\u00e7\u00e3o meteorol\u00f3gica ocorre devido a atua\u00e7\u00e3o de um sistema de alta press\u00e3o atmosf\u00e9rica, que favorece as temperaturas mais altas. [&hellip;]<\/p>\n","protected":false},"author":2,"featured_media":28287,"comment_status":"open","ping_status":"open","sticky":false,"template":"","format":"standard","meta":{"om_disable_all_campaigns":false,"_monsterinsights_skip_tracking":false,"_monsterinsights_sitenote_active":false,"_monsterinsights_sitenote_note":"","_monsterinsights_sitenote_category":0,"footnotes":""},"categories":[30,36,266,47],"tags":[],"aioseo_notices":[],"_links":{"self":[{"href":"https:\/\/expressaoms.com.br\/index.php\/wp-json\/wp\/v2\/posts\/28286"}],"collection":[{"href":"https:\/\/expressaoms.com.br\/index.php\/wp-json\/wp\/v2\/posts"}],"about":[{"href":"https:\/\/expressaoms.com.br\/index.php\/wp-json\/wp\/v2\/types\/post"}],"author":[{"embeddable":true,"href":"https:\/\/expressaoms.com.br\/index.php\/wp-json\/wp\/v2\/users\/2"}],"replies":[{"embeddable":true,"href":"https:\/\/expressaoms.com.br\/index.php\/wp-json\/wp\/v2\/comments?post=28286"}],"version-history":[{"count":1,"href":"https:\/\/expressaoms.com.br\/index.php\/wp-json\/wp\/v2\/posts\/28286\/revisions"}],"predecessor-version":[{"id":28288,"href":"https:\/\/expressaoms.com.br\/index.php\/wp-json\/wp\/v2\/posts\/28286\/revisions\/28288"}],"wp:featuredmedia":[{"embeddable":true,"href":"https:\/\/expressaoms.com.br\/index.php\/wp-json\/wp\/v2\/media\/28287"}],"wp:attachment":[{"href":"https:\/\/expressaoms.com.br\/index.php\/wp-json\/wp\/v2\/media?parent=28286"}],"wp:term":[{"taxonomy":"category","embeddable":true,"href":"https:\/\/expressaoms.com.br\/index.php\/wp-json\/wp\/v2\/categories?post=28286"},{"taxonomy":"post_tag","embeddable":true,"href":"https:\/\/expressaoms.com.br\/index.php\/wp-json\/wp\/v2\/tags?post=28286"}],"curies":[{"name":"wp","href":"https:\/\/api.w.org\/{rel}","templated":true}]}}