{"id":28392,"date":"2024-07-11T12:03:43","date_gmt":"2024-07-11T16:03:43","guid":{"rendered":"https:\/\/expressaoms.com.br\/?p=28392"},"modified":"2024-07-11T12:03:43","modified_gmt":"2024-07-11T16:03:43","slug":"camara-aprova-projeto-que-regulamenta-a-reforma-tributaria","status":"publish","type":"post","link":"https:\/\/expressaoms.com.br\/index.php\/2024\/07\/11\/camara-aprova-projeto-que-regulamenta-a-reforma-tributaria\/","title":{"rendered":"C\u00e2mara aprova projeto que regulamenta a reforma tribut\u00e1ria"},"content":{"rendered":"<p>A C\u00e2mara dos Deputados concluiu a vota\u00e7\u00e3o do projeto que regulamenta a reforma tribut\u00e1ria (Projeto de Lei Complementar 68\/24), com v\u00e1rias mudan\u00e7as em rela\u00e7\u00e3o ao projeto original, de autoria do Poder Executivo. A proposta ser\u00e1 enviada ao Senado.<\/p>\n<p>O projeto regulamenta diversos aspectos da cobran\u00e7a do Imposto sobre Bens e Servi\u00e7os (IBS), da Contribui\u00e7\u00e3o Social sobre Bens e Servi\u00e7os (CBS) e do Imposto Seletivo (IS), que substituir\u00e3o o <span id=\"4110\" class=\"termoGlossario\" title=\"\" contenteditable=\"false\" data-toggle=\"tooltip\" data-placement=\"top\" data-original-title=\"O Programa de Integra\u00e7\u00e3o Social (PIS) e o Programa de Forma\u00e7\u00e3o do Patrim\u00f4nio do Servidor P\u00fablico (Pasep) formam um \u00fanico fundo mantido pelas pessoas jur\u00eddicas, com exce\u00e7\u00e3o das micro e pequenas empresas optantes pelo regime tribut\u00e1rio Simples Nacional. As al\u00edquotas das contribui\u00e7\u00f5es variam de 0,65% a 1,65% sobre o total das receitas. Esses recursos s\u00e3o destinados aos trabalhadores em forma de rendimentos ou abonos salariais.\">PIS<\/span>, a <span id=\"4104\" class=\"termoGlossario\" title=\"\" contenteditable=\"false\" data-toggle=\"tooltip\" data-placement=\"top\" data-original-title=\"Tributo que incide sobre a receita das pessoas jur\u00eddicas de direito privado, exceto as empresas submetidas ao Simples Nacional. Os recursos arrecadados s\u00e3o exclusivos da Uni\u00e3o e destinam-se ao financiamento da sa\u00fade, previd\u00eancia e assist\u00eancia social.\">Cofins<\/span>, o <span id=\"4109\" class=\"termoGlossario\" title=\"\" contenteditable=\"false\" data-toggle=\"tooltip\" data-placement=\"top\" data-original-title=\"Principal imposto arrecadado pelos estados e o Distrito Federal, incide sobre a comercializa\u00e7\u00e3o de produtos e a presta\u00e7\u00e3o de servi\u00e7os. Do total arrecadado, 25% s\u00e3o transferidos para os munic\u00edpios.\">ICMS<\/span>, o <span id=\"4497\" class=\"termoGlossario\" title=\"\" contenteditable=\"false\" data-toggle=\"tooltip\" data-placement=\"top\" data-original-title=\"Tributo de compet\u00eancia dos munic\u00edpios e do Distrito Federal, incide sobre 40 tipos de servi\u00e7os listados na Lei Complementar 116\/03. As al\u00edquotas variam de 2% a 5%, dependendo do servi\u00e7o.\">ISS<\/span> e parcialmente o <span id=\"4186\" class=\"termoGlossario\" title=\"\" contenteditable=\"false\" data-toggle=\"tooltip\" data-placement=\"top\" data-original-title=\"Imposto sobre Produtos Industrializados (IPI): Imposto cobrado pelo governo federal que incide sobre os produtos fabricados no Pa\u00eds ou importados. A al\u00edquota varia conforme o produto.\">IPI<\/span>.<\/p>\n<p>S\u00e3o definidos os percentuais de redu\u00e7\u00e3o para v\u00e1rios setores e produtos, al\u00e9m de benef\u00edcios tribut\u00e1rios, como cr\u00e9dito presumido, redu\u00e7\u00f5es de base de c\u00e1lculo, imunidades, isen\u00e7\u00f5es e outros incentivos. A proposta tamb\u00e9m prev\u00ea a devolu\u00e7\u00e3o de tributos para consumidores de baixa renda (cashback).<\/p>\n<p>O texto aprovado \u00e9 um <span id=\"4098\" class=\"termoGlossario\" title=\"\" contenteditable=\"false\" data-toggle=\"tooltip\" data-placement=\"top\" data-original-title=\"Nome que se d\u00e1 ao texto que altera substancialmente o conte\u00fado original da proposta. O substitutivo \u00e9 apresentado pelo relator e tem prefer\u00eancia na vota\u00e7\u00e3o sobre o projeto original.\">substitutivo<\/span> apresentado pelo relator, deputado Reginaldo Lopes (PT-MG), que participou do grupo de trabalho formado para ouvir representantes dos setores econ\u00f4micos e da sociedade civil e formular um texto depois apresentado \u00e0s lideran\u00e7as partid\u00e1rias.<\/p>\n<h2><strong>Prote\u00edna animal<\/strong><\/h2>\n<p>Na vota\u00e7\u00e3o dos <span id=\"4027\" class=\"termoGlossario\" title=\"\" contenteditable=\"false\" data-toggle=\"tooltip\" data-placement=\"top\" data-original-title=\"Pedido feito por deputado ou l\u00edder de partido para votar, de forma separada, emenda ou parte do texto. A vota\u00e7\u00e3o ocorre ap\u00f3s a aprova\u00e7\u00e3o do texto principal.\">destaques<\/span>, por <a href=\"https:\/\/www.camara.leg.br\/presenca-comissoes\/votacao-portal?reuniao=73890&amp;itemVotacao=12274\">477 votos contra 3<\/a>, os deputados aprovaram emenda do deputado Rodolfo Nogueira (PL-MS) que incluiu carnes, peixes, queijos e sal na lista de alimentos com al\u00edquota zero de IBS e CBS. Reginaldo Lopes afirmou que esta era uma demanda de toda a sociedade brasileira e tamb\u00e9m do presidente Lula.<\/p>\n<p>Esses alimentos estavam com redu\u00e7\u00e3o de 60% das al\u00edquotas. Tamb\u00e9m ter\u00e3o al\u00edquota zero o uso de \u00e1gua do mar, cloreto de s\u00f3dio puro e outros agentes semelhantes.<\/p>\n<p>Estimativas de t\u00e9cnicos do governo indicam aumento de 0,53 ponto percentual na al\u00edquota geral dos tributos em raz\u00e3o da mudan\u00e7a.<\/p>\n<p>Deputados governistas e de oposi\u00e7\u00e3o elogiaram a isen\u00e7\u00e3o. O l\u00edder do PL, deputado Altineu C\u00f4rtes (PL-RJ), afirmou que a inclus\u00e3o dessas prote\u00ednas foi fruto de press\u00e3o da oposi\u00e7\u00e3o em zerar os impostos. &#8220;A gente fica feliz que, com esse trabalho que a oposi\u00e7\u00e3o fez em favor de zerar os impostos, o povo brasileiro vai poder ter prote\u00edna mais barata em sua mesa&#8221;, disse.<\/p>\n<p>J\u00e1 a coordenadora da bancada feminina, deputada Benedita da Silva (PT-RJ), disse que &#8220;era o sonho do presidente Lula que houvesse prote\u00edna [de origem animal] na cesta b\u00e1sica das pessoas mais vulner\u00e1veis&#8221;.<\/p>\n<p>O presidente da Frente Parlamentar da Agropecu\u00e1ria, deputado Pedro Lupion (PP-PR), disse que a decis\u00e3o \u00e9 uma vit\u00f3ria do consumidor, da dona de casa e do pai de fam\u00edlia. &#8220;\u00c9 carne mais barata, prote\u00edna mais barata na mesa do cidad\u00e3o&#8221;, declarou.<\/p>\n<h2><strong>P\u00e3o de forma<\/strong><\/h2>\n<p>Al\u00e9m desses produtos, o texto relatado por Lopes incluiu ainda na al\u00edquota zero o \u00f3leo de milho, a aveia e farinhas, sem especificar, no entanto, quais. Algumas continuam na tabela de redu\u00e7\u00e3o de 60%, como a de milho.<\/p>\n<p>Tamb\u00e9m na tabela de redu\u00e7\u00e3o de 60% do tributo ele acrescentou p\u00e3o de forma e extrato de tomate.<\/p>\n<div id=\"image-container-1082191\" class=\"image-container\" data-midia=\"1082191\">\n<h2 class=\"midia-legenda\"><strong>Armas<\/strong><\/h2>\n<\/div>\n<p>Outra emenda que provocou debates, de autoria da deputada Erika Hilton (Psol-SP), pretendia incluir armas e muni\u00e7\u00f5es no Imposto Seletivo e foi rejeitada pelo Plen\u00e1rio por <a href=\"https:\/\/www.camara.leg.br\/presenca-comissoes\/votacao-portal?reuniao=73890&amp;itemVotacao=12273\">316 votos a 155<\/a>.<\/p>\n<p>Na vota\u00e7\u00e3o da emenda constitucional da reforma tribut\u00e1ria, 293 deputados votaram a favor de incluir as armas nesse imposto e 178 foram contra, mas o qu\u00f3rum necess\u00e1rio era de 308.<\/p>\n<p>Com a extin\u00e7\u00e3o do Imposto sobre Produtos Industrializados (IPI) prevista para 2027, certos produtos com al\u00edquotas maiores dever\u00e3o ter a perda de arrecada\u00e7\u00e3o compensada pela al\u00edquota do IBS e da CBS. Armas e muni\u00e7\u00f5es ter\u00e3o tributa\u00e7\u00e3o total de consumo menor que a atual: 55% a menos com o fim do IPI.<\/p>\n<p>Desde outubro de 2023, o governo federal restabeleceu a al\u00edquota do IPI de armas para 55%. Segundo estimativas do Executivo, a medida tem potencial de arrecada\u00e7\u00e3o da ordem de R$ 1,1 bilh\u00e3o de 2024 a 2026.<\/p>\n<p>Como as armas e muni\u00e7\u00f5es n\u00e3o ser\u00e3o considerados produtos prejudiciais \u00e0 sa\u00fade humana, ser\u00e1 poss\u00edvel inclusive que benefici\u00e1rios da devolu\u00e7\u00e3o de tributos (cashback) obtenham a devolu\u00e7\u00e3o de 20% das al\u00edquotas de CBS\/IBS incidentes.<\/p>\n<p>Outros produtos com IPI mais alto, como autom\u00f3veis, cigarros e bebidas ter\u00e3o o IPI parcialmente compensado pelo Imposto Seletivo por serem considerados bens prejudiciais ao meio ambiente.<\/p>\n<p>No entanto, al\u00e9m de armas e muni\u00e7\u00f5es, tamb\u00e9m ser\u00e3o beneficiados com redu\u00e7\u00e3o de carga os perfumes (42% de IPI) e os aparelhos de ar-condicionado (13% a 35%).<\/p>\n<h2><strong>Cashback<\/strong><\/h2>\n<p>No caso da devolu\u00e7\u00e3o de tributos, poder\u00e3o ser beneficiados os respons\u00e1veis por fam\u00edlia inscrita no Cadastro \u00danico para Programas Sociais (Cad\u00danico) com renda familiar mensal per capita declarada de at\u00e9 meio sal\u00e1rio m\u00ednimo.<\/p>\n<p>A pessoa que receber a devolu\u00e7\u00e3o dever\u00e1 residir no territ\u00f3rio nacional e possuir CPF ativo, mas o mecanismo envolve as compras de todos os membros da fam\u00edlia com CPF.<\/p>\n<p>As regras para o cashback valer\u00e3o a partir de janeiro de 2027 para a CBS e a partir de 2029 para o IBS.<\/p>\n<p>Um regulamento definir\u00e1 o m\u00e9todo de c\u00e1lculo e de devolu\u00e7\u00e3o, mas desde j\u00e1 o texto prev\u00ea que servi\u00e7os ou bens com periodicidade mensal de consumo ter\u00e3o o valor de devolu\u00e7\u00e3o concedido na conta, a exemplo de energia el\u00e9trica, \u00e1gua e esgoto e g\u00e1s natural.<\/p>\n<p>Em outras situa\u00e7\u00f5es, o governo transferir\u00e1 o dinheiro aos bancos em 15 dias ap\u00f3s a apura\u00e7\u00e3o, que ter\u00e3o outros 10 dias para repassar aos beneficiados.<\/p>\n<p>Quanto \u00e0s al\u00edquotas, o texto define: devolu\u00e7\u00e3o de 100% da CBS e de 20% do IBS na compra de botij\u00e3o de g\u00e1s de 13 Kg; 100% de CBS e 20% de IBS em luz, \u00e1gua, esgoto e g\u00e1s natural; e 20% nos demais casos, exceto para produtos com incid\u00eancia de imposto seletivo (prejudiciais \u00e0 sa\u00fade e ao meio ambiente).<\/p>\n<p>Por lei espec\u00edfica, cada ente federativo (Uni\u00e3o, estados, Distrito Federal e munic\u00edpios) poder\u00e1 fixar percentuais maiores, incidentes somente sobre sua parcela do tributo e diferenciados em raz\u00e3o de renda familiar.<\/p>\n<p>A regra, no entanto, n\u00e3o valer\u00e1 para o botij\u00e3o de g\u00e1s, e qualquer aumento na devolu\u00e7\u00e3o dever\u00e1 ser considerado na fixa\u00e7\u00e3o da al\u00edquota de refer\u00eancia a fim de reequilibrar a arrecada\u00e7\u00e3o do ente federativo.<\/p>\n<h2><strong>Nova categoria<\/strong><\/h2>\n<p>O texto aprovado inova ao criar uma esp\u00e9cie de nova categoria, chamada de nanoempreendedor, que n\u00e3o precisar\u00e1 pagar IBS e CBS, contanto que n\u00e3o tenha aderido ao regime simplificado do microempreendedor individual (MEI).<\/p>\n<p>Para isso, a pessoa f\u00edsica deve faturar at\u00e9 R$ 40,5 mil ao ano (50% do limite para ades\u00e3o).<\/p>\n<h2><strong>Plataformas de compras<\/strong><\/h2>\n<p>No caso de compras de produtos e servi\u00e7os realizadas por meio de plataformas digitais do exterior, como Shein, Shopee e AliExpress, a pessoa f\u00edsica arcar\u00e1 com tributos, inclusive em compras de at\u00e9 50 d\u00f3lares (cerca de R$ 265).<\/p>\n<p>O contribuinte ser\u00e1 o fornecedor estrangeiro, que ter\u00e1 de se cadastrar no regime regular de pagamento dos tributos. Mas a plataforma digital \u00e9 que ser\u00e1 respons\u00e1vel pelo pagamento no regime de tributa\u00e7\u00e3o simplificado de importa\u00e7\u00e3o.<\/p>\n<p>Caso o fornecedor n\u00e3o esteja inscrito ou os tributos n\u00e3o tenham sido pagos pela plataforma, caber\u00e1 ao importador pessoa f\u00edsica pagar os tributos para poder receber a remessa internacional.<\/p>\n<p>Mesmo remessas comerciais do exterior enviadas de pessoa f\u00edsica para pessoa f\u00edsica, sem intermedia\u00e7\u00e3o de plataforma digital, ter\u00e3o incid\u00eancia desses tributos.<\/p>\n<p>As \u00fanicas exce\u00e7\u00f5es ser\u00e3o para importa\u00e7\u00f5es isentas do Imposto de Importa\u00e7\u00e3o em que o remetente e o destinat\u00e1rio sejam pessoas f\u00edsicas e sem intermedia\u00e7\u00e3o de plataforma digital e nas bagagens de viajantes e tripulantes, acompanhadas ou desacompanhadas.<\/p>\n<p>As isen\u00e7\u00f5es do Imposto de Importa\u00e7\u00e3o s\u00e3o definidas atualmente por um decreto de 1988. Imunidades atualmente vigentes para os tributos substitu\u00eddos pelas reformas tamb\u00e9m continuam iguais.<\/p>\n<h2><strong>Tributos para im\u00f3veis<\/strong><\/h2>\n<p>O Plen\u00e1rio da C\u00e2mara rejeitou emenda do deputado Ricardo Salles (PL-SP) que pretendia estender a redu\u00e7\u00e3o de 60% dos tributos para todos os im\u00f3veis.<\/p>\n<h2><strong>Pontos aprovados<\/strong><\/h2>\n<p>Confira alguns pontos do texto aprovado:<\/p>\n<p>&#8211; devolu\u00e7\u00e3o de 100% da CBS da energia, \u00e1gua e g\u00e1s para pessoas de baixa renda;<\/p>\n<p>&#8211; al\u00edquota m\u00e1xima de 0,25% para os minerais \u2013 contra o m\u00e1ximo de 1% estipulado pela emenda constitucional;<\/p>\n<p>&#8211; redu\u00e7\u00e3o de 30% nos tributos para planos de sa\u00fade de animais dom\u00e9sticos;<\/p>\n<p>&#8211; todos os medicamentos n\u00e3o listados em al\u00edquota zero contar\u00e3o com redu\u00e7\u00e3o de 60% da al\u00edquota geral; e<\/p>\n<p>&#8211; turista estrangeiro contar\u00e1 com devolu\u00e7\u00e3o desses tributos em produtos comprados no Brasil e embarcados na bagagem.<\/p>\n<h2>Veja infogr\u00e1fico de como ficou a reforma tribut\u00e1ria:<\/h2>\n<p><img fetchpriority=\"high\" decoding=\"async\" class=\"alignnone wp-image-28397\" src=\"https:\/\/expressaoms.com.br\/wp-content\/uploads\/2024\/07\/infografico-scaled.jpg\" alt=\"\" width=\"800\" height=\"3828\" srcset=\"https:\/\/expressaoms.com.br\/wp-content\/uploads\/2024\/07\/infografico-scaled.jpg 535w, https:\/\/expressaoms.com.br\/wp-content\/uploads\/2024\/07\/infografico-63x300.jpg 63w, https:\/\/expressaoms.com.br\/wp-content\/uploads\/2024\/07\/infografico-214x1024.jpg 214w, https:\/\/expressaoms.com.br\/wp-content\/uploads\/2024\/07\/infografico-321x1536.jpg 321w, https:\/\/expressaoms.com.br\/wp-content\/uploads\/2024\/07\/infografico-428x2048.jpg 428w, https:\/\/expressaoms.com.br\/wp-content\/uploads\/2024\/07\/infografico-600x2872.jpg 600w\" sizes=\"(max-width: 800px) 100vw, 800px\" \/><\/p>\n<p>&nbsp;<\/p>\n","protected":false},"excerpt":{"rendered":"<p>A C\u00e2mara dos Deputados concluiu a vota\u00e7\u00e3o do projeto que regulamenta a reforma tribut\u00e1ria (Projeto de Lei Complementar 68\/24), com v\u00e1rias mudan\u00e7as em rela\u00e7\u00e3o ao projeto original, de autoria do Poder Executivo. A proposta ser\u00e1 enviada ao Senado. O projeto regulamenta diversos aspectos da cobran\u00e7a do Imposto sobre Bens e Servi\u00e7os (IBS), da Contribui\u00e7\u00e3o Social [&hellip;]<\/p>\n","protected":false},"author":3,"featured_media":28398,"comment_status":"open","ping_status":"open","sticky":false,"template":"","format":"standard","meta":{"om_disable_all_campaigns":false,"_monsterinsights_skip_tracking":false,"_monsterinsights_sitenote_active":false,"_monsterinsights_sitenote_note":"","_monsterinsights_sitenote_category":0,"footnotes":""},"categories":[246,42],"tags":[],"aioseo_notices":[],"_links":{"self":[{"href":"https:\/\/expressaoms.com.br\/index.php\/wp-json\/wp\/v2\/posts\/28392"}],"collection":[{"href":"https:\/\/expressaoms.com.br\/index.php\/wp-json\/wp\/v2\/posts"}],"about":[{"href":"https:\/\/expressaoms.com.br\/index.php\/wp-json\/wp\/v2\/types\/post"}],"author":[{"embeddable":true,"href":"https:\/\/expressaoms.com.br\/index.php\/wp-json\/wp\/v2\/users\/3"}],"replies":[{"embeddable":true,"href":"https:\/\/expressaoms.com.br\/index.php\/wp-json\/wp\/v2\/comments?post=28392"}],"version-history":[{"count":1,"href":"https:\/\/expressaoms.com.br\/index.php\/wp-json\/wp\/v2\/posts\/28392\/revisions"}],"predecessor-version":[{"id":28399,"href":"https:\/\/expressaoms.com.br\/index.php\/wp-json\/wp\/v2\/posts\/28392\/revisions\/28399"}],"wp:featuredmedia":[{"embeddable":true,"href":"https:\/\/expressaoms.com.br\/index.php\/wp-json\/wp\/v2\/media\/28398"}],"wp:attachment":[{"href":"https:\/\/expressaoms.com.br\/index.php\/wp-json\/wp\/v2\/media?parent=28392"}],"wp:term":[{"taxonomy":"category","embeddable":true,"href":"https:\/\/expressaoms.com.br\/index.php\/wp-json\/wp\/v2\/categories?post=28392"},{"taxonomy":"post_tag","embeddable":true,"href":"https:\/\/expressaoms.com.br\/index.php\/wp-json\/wp\/v2\/tags?post=28392"}],"curies":[{"name":"wp","href":"https:\/\/api.w.org\/{rel}","templated":true}]}}