{"id":28440,"date":"2024-07-12T14:44:57","date_gmt":"2024-07-12T18:44:57","guid":{"rendered":"https:\/\/expressaoms.com.br\/?p=28440"},"modified":"2024-07-12T14:44:57","modified_gmt":"2024-07-12T18:44:57","slug":"uniao-libera-r-137-milhoes-para-acoes-conjuntas-contra-incendios-florestais-no-pantanal","status":"publish","type":"post","link":"https:\/\/expressaoms.com.br\/index.php\/2024\/07\/12\/uniao-libera-r-137-milhoes-para-acoes-conjuntas-contra-incendios-florestais-no-pantanal\/","title":{"rendered":"Uni\u00e3o libera R$ 137 milh\u00f5es para a\u00e7\u00f5es conjuntas contra inc\u00eandios florestais no Pantanal"},"content":{"rendered":"<p>O Pantanal contar\u00e1 com mais R$ 137,6 milh\u00f5es para as a\u00e7\u00f5es de preven\u00e7\u00e3o e combate aos inc\u00eandios florestais que atingem o bioma. Em Mato Grosso do Sul, o trabalho \u00e9 realizado em parceria entre Governo do Estado e Governo Federal na <a href=\"https:\/\/drive.google.com\/drive\/u\/2\/folders\/1iI_63g8DxdD9EHrkMLqLQSA0z0AcMMb_\">Opera\u00e7\u00e3o Pantanal 2024<\/a>, que completou 100 dias na quarta-feira (10) e agora vai receber recursos federais extras.<\/p>\n<p>Medida provis\u00f3ria editada pelo Governo Federal nesta sexta-feira (12) liberou o recurso para as atividades, que envolvem o combate direto ao fogo por terra e ar, aquisi\u00e7\u00e3o de equipamentos e suprimentos, transporte e log\u00edstica, entre outros trabalhos de apoio.<\/p>\n<p>Publicados no Di\u00e1rio Oficial da Uni\u00e3o, os R$ 137,6 milh\u00f5es liberados em cr\u00e9dito extraordin\u00e1rio se somam aos R$ 100 milh\u00f5es em cr\u00e9dito ordin\u00e1rio destinados em junho. Ambos os valores s\u00e3o gerenciados pelo MMA (Minist\u00e9rio do Meio Ambiente e Mudan\u00e7a Clim\u00e1tica), MJSP (Minist\u00e9rio da Justi\u00e7a e Seguran\u00e7a P\u00fablica) e Minist\u00e9rio da Defesa.<\/p>\n<p>Ministra do Planejamento e Or\u00e7amento, Simone Tebet se reuniu nesta manh\u00e3 com o Governo de Mato Grosso do Sul e anunciou o refor\u00e7o financeiro para o combate ao fogo no Pantanal. O encontro contou com a presen\u00e7a dos secret\u00e1rios Jaime Verruck (Meio Ambiente e Desenvolvimento), Fl\u00e1vio C\u00e9sar de Oliveira (Fazenda) e Ana Ali (Procuradoria-Geral).<\/p>\n<p>&#8220;Esse foi o compromisso que assumimos, liberar o recurso que fosse necess\u00e1rio&#8221;, frisa a ministra Simone durante a reuni\u00e3o. Conforme a medida federal, R$ 72,3 milh\u00f5es ser\u00e3o alocados no Meio Ambiente, R$ 59,7 milh\u00f5es na Defesa e R$ 5,7 milh\u00f5es na Seguran\u00e7a.<\/p>\n<p>As a\u00e7\u00f5es de preven\u00e7\u00e3o e combate aos inc\u00eandios florestais no Pantanal continuam em Mato Grosso do Sul mesmo com a queda dos focos ativos na por\u00e7\u00e3o do bioma localizada no Estado. Atividades de campo para evitar reigni\u00e7\u00f5es &#8211; rescaldos, corte de \u00e1rvores j\u00e1 atingidas e geradoras de fagulhas, por exemplo &#8211; e expans\u00e3o dos focos ainda presentes s\u00e3o realizadas.<\/p>\n<p>Fora isso, as iniciativas de retaguarda e planejamento prosseguem. Apesar do &#8216;respiro clim\u00e1tico&#8217; dos \u00faltimos dias, existe a previs\u00e3o de que nas pr\u00f3ximas semanas o forte calor retorno \u00e0 regi\u00e3o pantaneira, junto ao tempo seco, condi\u00e7\u00f5es favor\u00e1veis \u00e0 igni\u00e7\u00e3o e propaga\u00e7\u00e3o do fogo. Diante disso, todas as equipes seguem em alerta.<\/p>\n<p>&#8220;\u00c9 com esse recurso aprovado na medida provis\u00f3ria que ser\u00e3o mantidas as opera\u00e7\u00f5es federais, fundamentais para a gente. Toda estrutura prossegue em fun\u00e7\u00e3o dessa medida provis\u00f3ria, ent\u00e3o \u00e9 uma not\u00edcia extremamente importante e fundamental para que continue toda a estrutura\u00e7\u00e3o da Opera\u00e7\u00e3o Pantanal 2024&#8221;, explica o secret\u00e1rio Jaime Verruck.<\/p>\n<p>Desde o come\u00e7o do ano at\u00e9 9 de julho, 594 mil hectares foram queimados no Pantanal Sul-mato-grossense, o que corresponde a 6% do total de 9 milh\u00f5es de hectares da regi\u00e3o pantaneira no Estado. Os n\u00fameros s\u00e3o do Laborat\u00f3rio de Aplica\u00e7\u00f5es de Sat\u00e9lites Ambientais do Departamento de Meteorologia da UFRJ (Universidade Federal do Rio de Janeiro).<\/p>\n<p>Diante desse cen\u00e1rio, a Opera\u00e7\u00e3o Pantanal 2024 j\u00e1 contou com a atua\u00e7\u00e3o de 516 bombeiros militares de Mato Grosso do Sul, fora a mobiliza\u00e7\u00e3o do Ibama, ICMbio, PrevFogo, For\u00e7a Nacional e For\u00e7as Armadas, com mais de 400 integrantes se revezando no combate.<\/p>\n<p>Al\u00e9m disso, os esfor\u00e7os contam com 11 aeronaves de combate ao fogo, incluindo avi\u00f5es modelo Air Tractors e helic\u00f3pteros estaduais e federais, e o cargueiro KC-390 da For\u00e7a A\u00e9rea. A estrutura ainda conta com 39 ve\u00edculos, entre caminhonetes, caminh\u00f5es e lanchas, usados conforme a demanda di\u00e1ria e planejamento log\u00edstico da opera\u00e7\u00e3o.<\/p>\n","protected":false},"excerpt":{"rendered":"<p>O Pantanal contar\u00e1 com mais R$ 137,6 milh\u00f5es para as a\u00e7\u00f5es de preven\u00e7\u00e3o e combate aos inc\u00eandios florestais que atingem o bioma. Em Mato Grosso do Sul, o trabalho \u00e9 realizado em parceria entre Governo do Estado e Governo Federal na Opera\u00e7\u00e3o Pantanal 2024, que completou 100 dias na quarta-feira (10) e agora vai receber [&hellip;]<\/p>\n","protected":false},"author":2,"featured_media":28441,"comment_status":"open","ping_status":"open","sticky":false,"template":"","format":"standard","meta":{"om_disable_all_campaigns":false,"_monsterinsights_skip_tracking":false,"_monsterinsights_sitenote_active":false,"_monsterinsights_sitenote_note":"","_monsterinsights_sitenote_category":0,"footnotes":""},"categories":[30,36,266,38],"tags":[],"aioseo_notices":[],"_links":{"self":[{"href":"https:\/\/expressaoms.com.br\/index.php\/wp-json\/wp\/v2\/posts\/28440"}],"collection":[{"href":"https:\/\/expressaoms.com.br\/index.php\/wp-json\/wp\/v2\/posts"}],"about":[{"href":"https:\/\/expressaoms.com.br\/index.php\/wp-json\/wp\/v2\/types\/post"}],"author":[{"embeddable":true,"href":"https:\/\/expressaoms.com.br\/index.php\/wp-json\/wp\/v2\/users\/2"}],"replies":[{"embeddable":true,"href":"https:\/\/expressaoms.com.br\/index.php\/wp-json\/wp\/v2\/comments?post=28440"}],"version-history":[{"count":1,"href":"https:\/\/expressaoms.com.br\/index.php\/wp-json\/wp\/v2\/posts\/28440\/revisions"}],"predecessor-version":[{"id":28442,"href":"https:\/\/expressaoms.com.br\/index.php\/wp-json\/wp\/v2\/posts\/28440\/revisions\/28442"}],"wp:featuredmedia":[{"embeddable":true,"href":"https:\/\/expressaoms.com.br\/index.php\/wp-json\/wp\/v2\/media\/28441"}],"wp:attachment":[{"href":"https:\/\/expressaoms.com.br\/index.php\/wp-json\/wp\/v2\/media?parent=28440"}],"wp:term":[{"taxonomy":"category","embeddable":true,"href":"https:\/\/expressaoms.com.br\/index.php\/wp-json\/wp\/v2\/categories?post=28440"},{"taxonomy":"post_tag","embeddable":true,"href":"https:\/\/expressaoms.com.br\/index.php\/wp-json\/wp\/v2\/tags?post=28440"}],"curies":[{"name":"wp","href":"https:\/\/api.w.org\/{rel}","templated":true}]}}