{"id":2885,"date":"2021-12-09T14:46:35","date_gmt":"2021-12-09T17:46:35","guid":{"rendered":"https:\/\/expressaoms.com.br\/?p=2885"},"modified":"2021-12-09T14:46:35","modified_gmt":"2021-12-09T17:46:35","slug":"3a-edicao-do-sarau-mirassol-meu-corpo-e-uma-cidade-sera-neste-domingo-12","status":"publish","type":"post","link":"https:\/\/expressaoms.com.br\/index.php\/2021\/12\/09\/3a-edicao-do-sarau-mirassol-meu-corpo-e-uma-cidade-sera-neste-domingo-12\/","title":{"rendered":"3\u00aa Edi\u00e7\u00e3o do Sarau Mirassol \u2013 Meu Corpo \u00e9 Uma Cidade&#8221; ser\u00e1 neste domingo (12)"},"content":{"rendered":"<p>Com atra\u00e7\u00f5es acess\u00edveis para acolher crian\u00e7as, jovens, idosos e animais, neste domingo (12), acontece a 3\u00aa Edi\u00e7\u00e3o do Sarau Mirassol \u2013 Meu Corpo \u00e9 Uma Cidade&#8221;, o evento multicultural tem apoio da Prefeitura de Tr\u00eas Lagoas por meio da Diretoria de Cultura da Secretaria Municipal de Educa\u00e7\u00e3o e Cultura (SEMEC).<\/p>\n<p>Com in\u00edcio a partir das 10 horas e entrada gratuita o Sarau tem as atra\u00e7\u00f5es: m\u00fasica ao vivo com os cantores Alba Lessa, Maring\u00e1 Borget, Marina Peralta e Beget de Lucena; teatro infantil com espa\u00e7o recreativo; concurso de Poesia Slam &#8211; com premia\u00e7\u00e3o; feira de artesanato feminina &#8211; com sorteio de pe\u00e7as e oficinas de grafite e ecoj\u00f3ias.<\/p>\n<p>O Sarau \u00e9 uma proposta de a\u00e7\u00e3o coletiva multicultural atenta aos desafios que surgem com a urbaniza\u00e7\u00e3o desenfreada e o enrijecimento das rela\u00e7\u00f5es humanas. A ess\u00eancia do espa\u00e7o \u00e9 dialogar com temas como a economia solid\u00e1ria, o consumo ecol\u00f3gico e agroecol\u00f3gico, acesso a cidade, a cultura, a sa\u00fade e a educa\u00e7\u00e3o.<\/p>\n<p><strong>Sarau<\/strong><\/p>\n<p>Cada evento debate um tema central que convida os participantes a desenvolverem o senso cr\u00edtico quanto \u00e0s quest\u00f5es sociais e ambientais que nos envolvem. Nesta edi\u00e7\u00e3o, o objeto em quest\u00e3o ser\u00e1 &#8220;Meu Corpo \u00c9 Uma Cidade&#8221;: cultura e acesso \u00e0 cidade.<\/p>\n<p>Outro aspecto abordado \u00e9 a alimenta\u00e7\u00e3o e consumo consciente, no espa\u00e7o \u00e9 fornecido alimenta\u00e7\u00e3o inclusiva e cr\u00edtica (vegana) de baixo custo, os participantes s\u00e3o orientados e incentivados trazer seus pr\u00f3prios objetos, pois na venda de bebidas e comidas n\u00e3o h\u00e1 disponibiliza\u00e7\u00e3o de produtos descart\u00e1veis e as artes\u00e3s fazem o uso de sacos de papel no lugar das sacolas pl\u00e1sticas, por serem menos danosas ao meio ambiente.<\/p>\n<p><strong>Oficina e batalha de poesia<\/strong><\/p>\n<p>Para participar das oficinas de grafite (destinada para maiores de 12 anos) e ecoj\u00f3ias ou da batalha de poesia, \u00e9 necess\u00e1ria inscri\u00e7\u00f5es pr\u00e9vias por meio dos formul\u00e1rios abaixo. O n\u00famero de vagas \u00e9 limitado, mas caso limite n\u00e3o seja atingido at\u00e9 o dia do evento, tamb\u00e9m ser\u00e1 poss\u00edvel realizar as inscri\u00e7\u00f5es na portaria.<\/p>\n<p>Inscri\u00e7\u00f5es Grafite: https:\/\/forms.gle\/fYxN8dwmbJZkKRHx7<\/p>\n<p>Inscri\u00e7\u00f5es Ecoj\u00f3ias: tem como p\u00fablico alvo mulheres, principalmente m\u00e3es, mas havendo vagas, qualquer interessado por participar<\/p>\n<p>https:\/\/forms.gle\/fkZdhQ6HemZJBvaAA<\/p>\n<p><strong>Servi\u00e7o<\/strong><\/p>\n<p>Evento: 3\u00aa Edi\u00e7\u00e3o do Sarau Mirassol \u2013 Meu Corpo \u00e9 Uma Cidade&#8221;<\/p>\n<p>Data: Domingo \u2013 12 de dezembro<\/p>\n<p>Hor\u00e1rio: A partir das 10h<\/p>\n<p>Local: Rua Farmac\u00eautico J\u00falio Mancini, n\u00ba2410 \u2013 Bairro S\u00e3o Jorge<\/p>\n","protected":false},"excerpt":{"rendered":"<p>Com atra\u00e7\u00f5es acess\u00edveis para acolher crian\u00e7as, jovens, idosos e animais, neste domingo (12), acontece a 3\u00aa Edi\u00e7\u00e3o do Sarau Mirassol \u2013 Meu Corpo \u00e9 Uma Cidade&#8221;, o evento multicultural tem apoio da Prefeitura de Tr\u00eas Lagoas por meio da Diretoria de Cultura da Secretaria Municipal de Educa\u00e7\u00e3o e Cultura (SEMEC). Com in\u00edcio a partir das [&hellip;]<\/p>\n","protected":false},"author":3,"featured_media":2886,"comment_status":"open","ping_status":"open","sticky":false,"template":"","format":"standard","meta":{"om_disable_all_campaigns":false,"_monsterinsights_skip_tracking":false,"_monsterinsights_sitenote_active":false,"_monsterinsights_sitenote_note":"","_monsterinsights_sitenote_category":0,"footnotes":""},"categories":[29,36,48],"tags":[],"aioseo_notices":[],"_links":{"self":[{"href":"https:\/\/expressaoms.com.br\/index.php\/wp-json\/wp\/v2\/posts\/2885"}],"collection":[{"href":"https:\/\/expressaoms.com.br\/index.php\/wp-json\/wp\/v2\/posts"}],"about":[{"href":"https:\/\/expressaoms.com.br\/index.php\/wp-json\/wp\/v2\/types\/post"}],"author":[{"embeddable":true,"href":"https:\/\/expressaoms.com.br\/index.php\/wp-json\/wp\/v2\/users\/3"}],"replies":[{"embeddable":true,"href":"https:\/\/expressaoms.com.br\/index.php\/wp-json\/wp\/v2\/comments?post=2885"}],"version-history":[{"count":1,"href":"https:\/\/expressaoms.com.br\/index.php\/wp-json\/wp\/v2\/posts\/2885\/revisions"}],"predecessor-version":[{"id":2887,"href":"https:\/\/expressaoms.com.br\/index.php\/wp-json\/wp\/v2\/posts\/2885\/revisions\/2887"}],"wp:featuredmedia":[{"embeddable":true,"href":"https:\/\/expressaoms.com.br\/index.php\/wp-json\/wp\/v2\/media\/2886"}],"wp:attachment":[{"href":"https:\/\/expressaoms.com.br\/index.php\/wp-json\/wp\/v2\/media?parent=2885"}],"wp:term":[{"taxonomy":"category","embeddable":true,"href":"https:\/\/expressaoms.com.br\/index.php\/wp-json\/wp\/v2\/categories?post=2885"},{"taxonomy":"post_tag","embeddable":true,"href":"https:\/\/expressaoms.com.br\/index.php\/wp-json\/wp\/v2\/tags?post=2885"}],"curies":[{"name":"wp","href":"https:\/\/api.w.org\/{rel}","templated":true}]}}